{"id":5797,"date":"2026-04-20T10:56:58","date_gmt":"2026-04-20T08:56:58","guid":{"rendered":"https:\/\/oiecinternational.com\/es\/?p=5797"},"modified":"2026-04-20T11:08:18","modified_gmt":"2026-04-20T09:08:18","slug":"webinar-dia-internacional-de-la-educacion-catolica-14-mayo-2026","status":"publish","type":"post","link":"https:\/\/oiecinternational.com\/es\/2026\/04\/20\/webinar-dia-internacional-de-la-educacion-catolica-14-mayo-2026\/","title":{"rendered":"Webinar D\u00eda Internacional de la Educaci\u00f3n Cat\u00f3lica &#8211; 14 mayo 2026"},"content":{"rendered":"\t\t<div data-elementor-type=\"wp-post\" data-elementor-id=\"5797\" class=\"elementor elementor-5797\">\n\t\t\t\t\t\t<section class=\"elementor-section elementor-top-section elementor-element elementor-element-bb0b2ec elementor-section-boxed elementor-section-height-default elementor-section-height-default\" data-id=\"bb0b2ec\" data-element_type=\"section\">\n\t\t\t\t\t\t<div class=\"elementor-container elementor-column-gap-default\">\n\t\t\t\t\t<div class=\"elementor-column elementor-col-100 elementor-top-column elementor-element elementor-element-b92f6c5\" data-id=\"b92f6c5\" data-element_type=\"column\">\n\t\t\t<div class=\"elementor-widget-wrap elementor-element-populated\">\n\t\t\t\t\t\t<div class=\"elementor-element elementor-element-bf74d4c elementor-widget elementor-widget-text-editor\" data-id=\"bf74d4c\" data-element_type=\"widget\" data-widget_type=\"text-editor.default\">\n\t\t\t\t<div class=\"elementor-widget-container\">\n\t\t\t\t\t\t\t<p><strong><img decoding=\"async\" class=\"emoji\" role=\"img\" draggable=\"false\" src=\"https:\/\/s.w.org\/images\/core\/emoji\/15.0.3\/svg\/1f4c5.svg\" alt=\"\ud83d\udcc5\" \/><\/strong><strong> Jueves 14 de mayo de 2025 a las 14h (CET)<br \/><\/strong><strong><img decoding=\"async\" class=\"emoji\" role=\"img\" draggable=\"false\" src=\"https:\/\/s.w.org\/images\/core\/emoji\/15.0.3\/svg\/1f4bb.svg\" alt=\"\ud83d\udcbb\" \/><\/strong><strong>\u00a0En l\u00ednea<\/strong><\/p><p>La OIEC te invita a un seminario web inspirador:<\/p><h4 style=\"text-align: center;\"><strong>\u00abHacia un Pacto Educativo Glocal, generador de esperanza\u00bb<\/strong>\u00a0<img decoding=\"async\" class=\"emoji\" role=\"img\" draggable=\"false\" src=\"https:\/\/s.w.org\/images\/core\/emoji\/15.0.3\/svg\/2728.svg\" alt=\"\u2728\" \/><\/h4><ul><li><strong>\u00a0Introducci\u00f3n: <em>Herv\u00e9 Lecomte<\/em><\/strong>, secretario general de la OIEC<\/li><li><strong>Intervenciones de:<\/strong><ul><li><strong><em>Juan Antonio Ojeda Ortiz<\/em><\/strong>, consultor del Vaticano, responsable de proyectos de la OIEC<\/li><li><strong>\u00c5sa Jarskog, <\/strong>Director general de Global Leadership for Sustainable Development (Suecia)<\/li><li><em><strong>Carina Rossa<\/strong><\/em>, Universidad LUMSA de Roma<\/li><li><em><strong>Gloria Figueroa Ortiz, <\/strong><\/em>directora general del colegio San Jos\u00e9 de Las Vegas (Colombia)<\/li><\/ul><\/li><\/ul><h4 style=\"text-align: center;\"><b><strong>Una magn\u00edfica oportunidad para reflexionar juntos<br \/><\/strong><\/b><strong>sobre una educaci\u00f3n que se construye desde dentro para transformar el mundo.<\/strong><img decoding=\"async\" class=\"emoji\" style=\"background-color: #ffffff;\" role=\"img\" draggable=\"false\" src=\"https:\/\/s.w.org\/images\/core\/emoji\/15.0.3\/svg\/1f331.svg\" alt=\"\ud83c\udf31\" \/><img decoding=\"async\" class=\"emoji\" style=\"background-color: #ffffff;\" role=\"img\" draggable=\"false\" src=\"https:\/\/s.w.org\/images\/core\/emoji\/15.0.3\/svg\/1f310.svg\" alt=\"\ud83c\udf10\" \/><\/h4><p><img decoding=\"async\" class=\"emoji\" role=\"img\" draggable=\"false\" src=\"https:\/\/s.w.org\/images\/core\/emoji\/15.0.3\/svg\/1f449.svg\" alt=\"\ud83d\udc49\" \/>\u00a0<b>Descarga la invitaci\u00f3n <a href=\"https:\/\/drive.google.com\/file\/d\/1Ex5KNnkC_8e_V_3LvoTNMFTBs24T4Zd4\/view?usp=drive_link\">aqu\u00ed<\/a><\/b><\/p><h4 style=\"text-align: center;\"><span style=\"color: #ff9900;\">No es necesario registrarse.<br \/><\/span><span style=\"color: #ff9900;\">El seminario web estar\u00e1 disponible directamente en l\u00ednea en esta p\u00e1gina.<\/span><\/h4><p style=\"text-align: center;\"><strong>\u00a0Contacto: <\/strong><a href=\"mailto:communication@oiecinternational.com\">communication@oiecinternational.com<\/a><\/p>\t\t\t\t\t\t<\/div>\n\t\t\t\t<\/div>\n\t\t\t\t\t<\/div>\n\t\t<\/div>\n\t\t\t\t\t<\/div>\n\t\t<\/section>\n\t\t\t\t<\/div>\n\t\t","protected":false},"excerpt":{"rendered":"<p>Jueves 14 de mayo de 2025 a las 14h (CET)\u00a0En l\u00ednea La OIEC te invita a un seminario web inspirador: \u00abHacia un Pacto Educativo Glocal, generador de esperanza\u00bb\u00a0 \u00a0Introducci\u00f3n: Herv\u00e9 Lecomte, secretario general de la OIEC Intervenciones de: Juan Antonio Ojeda Ortiz, consultor del Vaticano, responsable de proyectos de la OIEC \u00c5sa Jarskog, Director general de Global Leadership for Sustainable&#8230;<\/p>\n","protected":false},"author":3,"featured_media":5809,"comment_status":"closed","ping_status":"closed","sticky":false,"template":"","format":"standard","meta":{"_eb_attr":"","footnotes":""},"categories":[1],"tags":[116],"class_list":["post-5797","post","type-post","status-publish","format-standard","has-post-thumbnail","hentry","category-news","tag-events"],"_links":{"self":[{"href":"https:\/\/oiecinternational.com\/es\/wp-json\/wp\/v2\/posts\/5797"}],"collection":[{"href":"https:\/\/oiecinternational.com\/es\/wp-json\/wp\/v2\/posts"}],"about":[{"href":"https:\/\/oiecinternational.com\/es\/wp-json\/wp\/v2\/types\/post"}],"author":[{"embeddable":true,"href":"https:\/\/oiecinternational.com\/es\/wp-json\/wp\/v2\/users\/3"}],"replies":[{"embeddable":true,"href":"https:\/\/oiecinternational.com\/es\/wp-json\/wp\/v2\/comments?post=5797"}],"version-history":[{"count":10,"href":"https:\/\/oiecinternational.com\/es\/wp-json\/wp\/v2\/posts\/5797\/revisions"}],"predecessor-version":[{"id":5808,"href":"https:\/\/oiecinternational.com\/es\/wp-json\/wp\/v2\/posts\/5797\/revisions\/5808"}],"wp:featuredmedia":[{"embeddable":true,"href":"https:\/\/oiecinternational.com\/es\/wp-json\/wp\/v2\/media\/5809"}],"wp:attachment":[{"href":"https:\/\/oiecinternational.com\/es\/wp-json\/wp\/v2\/media?parent=5797"}],"wp:term":[{"taxonomy":"category","embeddable":true,"href":"https:\/\/oiecinternational.com\/es\/wp-json\/wp\/v2\/categories?post=5797"},{"taxonomy":"post_tag","embeddable":true,"href":"https:\/\/oiecinternational.com\/es\/wp-json\/wp\/v2\/tags?post=5797"}],"curies":[{"name":"wp","href":"https:\/\/api.w.org\/{rel}","templated":true}]}}