{"id":8334,"date":"2026-04-20T08:58:52","date_gmt":"2026-04-20T06:58:52","guid":{"rendered":"https:\/\/oiecinternational.com\/fr\/?p=8334"},"modified":"2026-04-20T10:29:40","modified_gmt":"2026-04-20T08:29:40","slug":"webinaire-journee-internationale-de-lenseignement-catholique-14-mai-2026","status":"publish","type":"post","link":"https:\/\/oiecinternational.com\/fr\/2026\/04\/20\/webinaire-journee-internationale-de-lenseignement-catholique-14-mai-2026\/","title":{"rendered":"Webinaire Journ\u00e9e internationale de l&#8217;Enseignement Catholique &#8211; 14 mai 2026"},"content":{"rendered":"\t\t<div data-elementor-type=\"wp-post\" data-elementor-id=\"8334\" class=\"elementor elementor-8334\">\n\t\t\t\t\t\t<section class=\"elementor-section elementor-top-section elementor-element elementor-element-e3a502b elementor-section-boxed elementor-section-height-default elementor-section-height-default\" data-id=\"e3a502b\" data-element_type=\"section\">\n\t\t\t\t\t\t<div class=\"elementor-container elementor-column-gap-default\">\n\t\t\t\t\t<div class=\"elementor-column elementor-col-100 elementor-top-column elementor-element elementor-element-5a4a740\" data-id=\"5a4a740\" data-element_type=\"column\">\n\t\t\t<div class=\"elementor-widget-wrap elementor-element-populated\">\n\t\t\t\t\t\t<div class=\"elementor-element elementor-element-d8502a9 elementor-widget elementor-widget-text-editor\" data-id=\"d8502a9\" data-element_type=\"widget\" data-widget_type=\"text-editor.default\">\n\t\t\t\t<div class=\"elementor-widget-container\">\n\t\t\t\t\t\t\t<p><strong><img decoding=\"async\" class=\"emoji\" role=\"img\" draggable=\"false\" src=\"https:\/\/s.w.org\/images\/core\/emoji\/15.0.3\/svg\/1f4c5.svg\" alt=\"\ud83d\udcc5\" \/><\/strong><strong> Jeudi 14 mai 2025 \u00e0 14h (CET)<br \/><\/strong><strong><img decoding=\"async\" class=\"emoji\" role=\"img\" draggable=\"false\" src=\"https:\/\/s.w.org\/images\/core\/emoji\/15.0.3\/svg\/1f4bb.svg\" alt=\"\ud83d\udcbb\" \/><\/strong><strong> En ligne<\/strong><\/p><h4><span style=\"color: #333333;\">L\u2019OIEC vous invite \u00e0 un webinaire inspirant :<\/span><\/h4><h4 style=\"text-align: center;\"><strong>\u00ab Cultiver sa vie int\u00e9rieure : vers une transformation \u00e9ducative \u00bb<\/strong> <img decoding=\"async\" class=\"emoji\" role=\"img\" draggable=\"false\" src=\"https:\/\/s.w.org\/images\/core\/emoji\/15.0.3\/svg\/2728.svg\" alt=\"\u2728\" \/><\/h4><ul><li><span style=\"color: #333399;\"><strong>Introduction :<\/strong> <\/span><strong><em>Herv\u00e9 Lecomte<\/em><\/strong>, secr\u00e9taire g\u00e9n\u00e9ral de l\u2019OIEC<\/li><li><span style=\"color: #333399;\"><strong>Interventions de :<\/strong><\/span><ul><li style=\"list-style-type: none;\"><ul><li><strong><em>Juan Antonio Ojeda Ortiz<\/em><\/strong>, consulteur pour le Vatican, responsable des projets de l\u2019OIEC<\/li><li><strong>\u00c5sa Jarskog, <\/strong>PDG de Global Leadership for Sustainable Development (Su\u00e8de)<\/li><li><em><strong>Carina Rossa<\/strong><\/em>, Universit\u00e9 LUMSA de Rome<\/li><li><em><strong>Gloria Figueroa Ortiz, <\/strong><\/em>directrice g\u00e9n\u00e9rale de l\u2019\u00e9cole San Jos\u00e9 de las Vegas (Colombie)<\/li><\/ul><\/li><\/ul><\/li><\/ul><h4 style=\"text-align: center;\"><strong data-start=\"1225\" data-end=\"1349\"><br \/>Une belle occasion de r\u00e9fl\u00e9chir ensemble <br \/>\u00e0 une \u00e9ducation qui se construit de l\u2019int\u00e9rieur pour transformer le monde. \ud83c\udf31\ud83c\udf0d<\/strong><\/h4><p><img decoding=\"async\" class=\"emoji\" role=\"img\" draggable=\"false\" src=\"https:\/\/s.w.org\/images\/core\/emoji\/15.0.3\/svg\/1f449.svg\" alt=\"\ud83d\udc49\" \/> <strong>T\u00e9l\u00e9chargez l\u2019invitation\u00a0<\/strong><a style=\"background-color: rgba(255, 255, 255, 0);\" href=\"https:\/\/drive.google.com\/file\/d\/1rqfpF_s9rN-uU3D93gubZ4wucSP9nzRu\/view?usp=sharing\" target=\"_blank\" rel=\"noopener\">ICI<\/a><\/p><h4 style=\"text-align: center;\"><span style=\"color: #ff9900;\"><strong>Aucune inscription n&#8217;est requise. <\/strong><\/span><\/h4><h4 style=\"text-align: center;\"><span style=\"color: #ff9900;\"><strong>Le webinaire sera accessible directement en ligne sur cette page.<\/strong><\/span><\/h4><p><img decoding=\"async\" class=\"emoji\" role=\"img\" draggable=\"false\" src=\"https:\/\/s.w.org\/images\/core\/emoji\/15.0.3\/svg\/1f4e9.svg\" alt=\"\ud83d\udce9\" \/> <strong>Contact : <\/strong><a href=\"mailto:communication@oiecinternational.com\">communication@oiecinternational.com<\/a><\/p>\t\t\t\t\t\t<\/div>\n\t\t\t\t<\/div>\n\t\t\t\t\t<\/div>\n\t\t<\/div>\n\t\t\t\t\t<\/div>\n\t\t<\/section>\n\t\t\t\t<\/div>\n\t\t","protected":false},"excerpt":{"rendered":"<p>Jeudi 14 mai 2025 \u00e0 14h (CET) En ligne L\u2019OIEC vous invite \u00e0 un webinaire inspirant : \u00ab Cultiver sa vie int\u00e9rieure : vers une transformation \u00e9ducative \u00bb Introduction : Herv\u00e9 Lecomte, secr\u00e9taire g\u00e9n\u00e9ral de l\u2019OIEC Interventions de : Juan Antonio Ojeda Ortiz, consulteur pour le Vatican, responsable des projets de l\u2019OIEC \u00c5sa Jarskog, PDG de Global Leadership for Sustainable&#8230;<\/p>\n","protected":false},"author":3,"featured_media":8338,"comment_status":"closed","ping_status":"closed","sticky":false,"template":"","format":"standard","meta":{"_eb_attr":"","footnotes":""},"categories":[127],"tags":[125],"class_list":["post-8334","post","type-post","status-publish","format-standard","has-post-thumbnail","hentry","category-evenements","tag-events"],"_links":{"self":[{"href":"https:\/\/oiecinternational.com\/fr\/wp-json\/wp\/v2\/posts\/8334"}],"collection":[{"href":"https:\/\/oiecinternational.com\/fr\/wp-json\/wp\/v2\/posts"}],"about":[{"href":"https:\/\/oiecinternational.com\/fr\/wp-json\/wp\/v2\/types\/post"}],"author":[{"embeddable":true,"href":"https:\/\/oiecinternational.com\/fr\/wp-json\/wp\/v2\/users\/3"}],"replies":[{"embeddable":true,"href":"https:\/\/oiecinternational.com\/fr\/wp-json\/wp\/v2\/comments?post=8334"}],"version-history":[{"count":13,"href":"https:\/\/oiecinternational.com\/fr\/wp-json\/wp\/v2\/posts\/8334\/revisions"}],"predecessor-version":[{"id":8367,"href":"https:\/\/oiecinternational.com\/fr\/wp-json\/wp\/v2\/posts\/8334\/revisions\/8367"}],"wp:featuredmedia":[{"embeddable":true,"href":"https:\/\/oiecinternational.com\/fr\/wp-json\/wp\/v2\/media\/8338"}],"wp:attachment":[{"href":"https:\/\/oiecinternational.com\/fr\/wp-json\/wp\/v2\/media?parent=8334"}],"wp:term":[{"taxonomy":"category","embeddable":true,"href":"https:\/\/oiecinternational.com\/fr\/wp-json\/wp\/v2\/categories?post=8334"},{"taxonomy":"post_tag","embeddable":true,"href":"https:\/\/oiecinternational.com\/fr\/wp-json\/wp\/v2\/tags?post=8334"}],"curies":[{"name":"wp","href":"https:\/\/api.w.org\/{rel}","templated":true}]}}