{"id":8542,"date":"2026-05-25T09:35:49","date_gmt":"2026-05-25T07:35:49","guid":{"rendered":"https:\/\/oiecinternational.com\/fr\/?p=8542"},"modified":"2026-08-27T13:36:24","modified_gmt":"2026-08-27T11:36:24","slug":"kigali-2026-un-nouvel-elan-pour-leducation-catholique-en-afrique","status":"publish","type":"post","link":"https:\/\/oiecinternational.com\/fr\/2026\/05\/25\/kigali-2026-un-nouvel-elan-pour-leducation-catholique-en-afrique\/","title":{"rendered":"Kigali 2026 : un nouvel \u00e9lan pour l\u2019\u00e9ducation catholique en Afrique"},"content":{"rendered":"\t\t<div data-elementor-type=\"wp-post\" data-elementor-id=\"8542\" class=\"elementor elementor-8542\">\n\t\t\t\t\t\t<section class=\"elementor-section elementor-top-section elementor-element elementor-element-579be84 elementor-section-boxed elementor-section-height-default elementor-section-height-default\" data-id=\"579be84\" data-element_type=\"section\">\n\t\t\t\t\t\t<div class=\"elementor-container elementor-column-gap-default\">\n\t\t\t\t\t<div class=\"elementor-column elementor-col-100 elementor-top-column elementor-element elementor-element-8cad69a\" data-id=\"8cad69a\" data-element_type=\"column\">\n\t\t\t<div class=\"elementor-widget-wrap elementor-element-populated\">\n\t\t\t\t\t\t<div class=\"elementor-element elementor-element-349399c elementor-widget elementor-widget-text-editor\" data-id=\"349399c\" data-element_type=\"widget\" data-widget_type=\"text-editor.default\">\n\t\t\t\t<div class=\"elementor-widget-container\">\n\t\t\t\t\t\t\t<p><strong><span style=\"color: #339966;\">Du 12 au 15 mai 2026, Kigali a accueilli un s\u00e9minaire international consacr\u00e9 \u00e0 l\u2019avenir de l\u2019\u00e9ducation catholique en Afrique. Organis\u00e9 par l\u2019Institut du Pacte \u00c9ducatif Africain (IPEA), l\u2019OIEC Afrique et Madagascar et l\u2019Union Mondiale des Enseignants Catholiques (UMEC), il a r\u00e9uni des responsables \u00e9ducatifs, des enseignants et des experts venus de plusieurs pays.<\/span><\/strong><\/p>\t\t\t\t\t\t<\/div>\n\t\t\t\t<\/div>\n\t\t\t\t\t<\/div>\n\t\t<\/div>\n\t\t\t\t\t<\/div>\n\t\t<\/section>\n\t\t\t\t<section class=\"elementor-section elementor-top-section elementor-element elementor-element-0e0eb4b elementor-section-boxed elementor-section-height-default elementor-section-height-default\" data-id=\"0e0eb4b\" data-element_type=\"section\">\n\t\t\t\t\t\t<div class=\"elementor-container elementor-column-gap-default\">\n\t\t\t\t\t<div class=\"elementor-column elementor-col-50 elementor-top-column elementor-element elementor-element-d1ed981\" data-id=\"d1ed981\" data-element_type=\"column\">\n\t\t\t<div class=\"elementor-widget-wrap elementor-element-populated\">\n\t\t\t\t\t\t<div class=\"elementor-element elementor-element-7e9db1a elementor-widget elementor-widget-text-editor\" data-id=\"7e9db1a\" data-element_type=\"widget\" data-widget_type=\"text-editor.default\">\n\t\t\t\t<div class=\"elementor-widget-container\">\n\t\t\t\t\t\t\t<p>Plac\u00e9e sous le th\u00e8me \u00ab \u00c9cole catholique et enseignant catholique dans la dynamique transformatrice de l\u2019Afrique \u00e0 la lumi\u00e8re du pape L\u00e9on XIV et du Pacte \u00c9ducatif Africain \u00bb, cette rencontre a rappel\u00e9 le r\u00f4le majeur de l\u2019\u00e9ducation dans la transformation humaine, sociale et spirituelle du continent.<\/p><p>Les \u00e9changes ont soulign\u00e9 la mission particuli\u00e8re de l\u2019\u00e9cole catholique : proposer une formation int\u00e9grale, prot\u00e9ger les plus fragiles et pr\u00e9parer les jeunes \u00e0 devenir des acteurs de paix, de justice et de fraternit\u00e9. Une attention particuli\u00e8re a \u00e9galement \u00e9t\u00e9 accord\u00e9e \u00e0 la formation des enseignants, \u00e0 l\u2019\u00e9ducation des filles, \u00e0 la protection des mineurs et \u00e0 la sant\u00e9 \u00e9motionnelle des jeunes.<\/p>\t\t\t\t\t\t<\/div>\n\t\t\t\t<\/div>\n\t\t\t\t\t<\/div>\n\t\t<\/div>\n\t\t\t\t<div class=\"elementor-column elementor-col-50 elementor-top-column elementor-element elementor-element-432c9ed\" data-id=\"432c9ed\" data-element_type=\"column\">\n\t\t\t<div class=\"elementor-widget-wrap elementor-element-populated\">\n\t\t\t\t\t\t<div class=\"elementor-element elementor-element-60bd5d0 elementor-widget elementor-widget-image\" data-id=\"60bd5d0\" data-element_type=\"widget\" data-widget_type=\"image.default\">\n\t\t\t\t<div class=\"elementor-widget-container\">\n\t\t\t\t\t\t\t\t\t\t\t\t\t<img fetchpriority=\"high\" decoding=\"async\" width=\"640\" height=\"905\" src=\"https:\/\/oiecinternational.com\/fr\/wp-content\/uploads\/sites\/3\/2026\/08\/COUV-PROGRAMME-OIEC-Ok_1-724x1024.png\" class=\"attachment-large size-large wp-image-8548\" alt=\"\" srcset=\"https:\/\/oiecinternational.com\/fr\/wp-content\/uploads\/sites\/3\/2026\/08\/COUV-PROGRAMME-OIEC-Ok_1-724x1024.png 724w, https:\/\/oiecinternational.com\/fr\/wp-content\/uploads\/sites\/3\/2026\/08\/COUV-PROGRAMME-OIEC-Ok_1-212x300.png 212w, https:\/\/oiecinternational.com\/fr\/wp-content\/uploads\/sites\/3\/2026\/08\/COUV-PROGRAMME-OIEC-Ok_1-768x1086.png 768w, https:\/\/oiecinternational.com\/fr\/wp-content\/uploads\/sites\/3\/2026\/08\/COUV-PROGRAMME-OIEC-Ok_1-1086x1536.png 1086w, https:\/\/oiecinternational.com\/fr\/wp-content\/uploads\/sites\/3\/2026\/08\/COUV-PROGRAMME-OIEC-Ok_1-1448x2048.png 1448w\" sizes=\"(max-width: 640px) 100vw, 640px\" \/>\t\t\t\t\t\t\t\t\t\t\t\t\t<\/div>\n\t\t\t\t<\/div>\n\t\t\t\t\t<\/div>\n\t\t<\/div>\n\t\t\t\t\t<\/div>\n\t\t<\/section>\n\t\t\t\t<section class=\"elementor-section elementor-top-section elementor-element elementor-element-a4f569f elementor-section-boxed elementor-section-height-default elementor-section-height-default\" data-id=\"a4f569f\" data-element_type=\"section\">\n\t\t\t\t\t\t<div class=\"elementor-container elementor-column-gap-default\">\n\t\t\t\t\t<div class=\"elementor-column elementor-col-100 elementor-top-column elementor-element elementor-element-dd077d0\" data-id=\"dd077d0\" data-element_type=\"column\">\n\t\t\t<div class=\"elementor-widget-wrap elementor-element-populated\">\n\t\t\t\t\t\t<div class=\"elementor-element elementor-element-070eca8 elementor-widget elementor-widget-text-editor\" data-id=\"070eca8\" data-element_type=\"widget\" data-widget_type=\"text-editor.default\">\n\t\t\t\t<div class=\"elementor-widget-container\">\n\t\t\t\t\t\t\t<h4><strong>Un accord historique entre l\u2019OIEC et l\u2019IPEA<\/strong><\/h4>\t\t\t\t\t\t<\/div>\n\t\t\t\t<\/div>\n\t\t\t\t\t<\/div>\n\t\t<\/div>\n\t\t\t\t\t<\/div>\n\t\t<\/section>\n\t\t\t\t<section class=\"elementor-section elementor-top-section elementor-element elementor-element-9e572ba elementor-section-boxed elementor-section-height-default elementor-section-height-default\" data-id=\"9e572ba\" data-element_type=\"section\">\n\t\t\t\t\t\t<div class=\"elementor-container elementor-column-gap-default\">\n\t\t\t\t\t<div class=\"elementor-column elementor-col-66 elementor-top-column elementor-element elementor-element-ceda011\" data-id=\"ceda011\" data-element_type=\"column\">\n\t\t\t<div class=\"elementor-widget-wrap elementor-element-populated\">\n\t\t\t\t\t\t<div class=\"elementor-element elementor-element-04621e1 elementor-widget elementor-widget-image\" data-id=\"04621e1\" data-element_type=\"widget\" data-widget_type=\"image.default\">\n\t\t\t\t<div class=\"elementor-widget-container\">\n\t\t\t\t\t\t\t\t\t\t\t\t\t<img decoding=\"async\" width=\"640\" height=\"513\" src=\"https:\/\/oiecinternational.com\/fr\/wp-content\/uploads\/sites\/3\/2026\/08\/COUV-WhatsApp-Image-2026-05-19-at-19.41.04311_2-1024x820.png\" class=\"attachment-large size-large wp-image-8550\" alt=\"\" srcset=\"https:\/\/oiecinternational.com\/fr\/wp-content\/uploads\/sites\/3\/2026\/08\/COUV-WhatsApp-Image-2026-05-19-at-19.41.04311_2-1024x820.png 1024w, https:\/\/oiecinternational.com\/fr\/wp-content\/uploads\/sites\/3\/2026\/08\/COUV-WhatsApp-Image-2026-05-19-at-19.41.04311_2-300x240.png 300w, https:\/\/oiecinternational.com\/fr\/wp-content\/uploads\/sites\/3\/2026\/08\/COUV-WhatsApp-Image-2026-05-19-at-19.41.04311_2-768x615.png 768w, https:\/\/oiecinternational.com\/fr\/wp-content\/uploads\/sites\/3\/2026\/08\/COUV-WhatsApp-Image-2026-05-19-at-19.41.04311_2-1536x1230.png 1536w, https:\/\/oiecinternational.com\/fr\/wp-content\/uploads\/sites\/3\/2026\/08\/COUV-WhatsApp-Image-2026-05-19-at-19.41.04311_2-2048x1640.png 2048w, https:\/\/oiecinternational.com\/fr\/wp-content\/uploads\/sites\/3\/2026\/08\/COUV-WhatsApp-Image-2026-05-19-at-19.41.04311_2-500x400.png 500w\" sizes=\"(max-width: 640px) 100vw, 640px\" \/>\t\t\t\t\t\t\t\t\t\t\t\t\t<\/div>\n\t\t\t\t<\/div>\n\t\t\t\t\t<\/div>\n\t\t<\/div>\n\t\t\t\t<div class=\"elementor-column elementor-col-33 elementor-top-column elementor-element elementor-element-dc33ee2\" data-id=\"dc33ee2\" data-element_type=\"column\">\n\t\t\t<div class=\"elementor-widget-wrap elementor-element-populated\">\n\t\t\t\t\t\t<div class=\"elementor-element elementor-element-3a89f4d elementor-widget elementor-widget-text-editor\" data-id=\"3a89f4d\" data-element_type=\"widget\" data-widget_type=\"text-editor.default\">\n\t\t\t\t<div class=\"elementor-widget-container\">\n\t\t\t\t\t\t\t<p>Le 13 mai, un moment particuli\u00e8rement fort a marqu\u00e9 le s\u00e9minaire : la signature d\u2019une convention entre l\u2019OIEC et l\u2019IPEA par le cardinal Antoine Kambanda, Herv\u00e9 Lecomte, le p\u00e8re Fernando Ignacio Ondo Ndjeng Afang et le professeur Jean-Paul Niyigena.<\/p>\t\t\t\t\t\t<\/div>\n\t\t\t\t<\/div>\n\t\t\t\t\t<\/div>\n\t\t<\/div>\n\t\t\t\t\t<\/div>\n\t\t<\/section>\n\t\t\t\t<section class=\"elementor-section elementor-top-section elementor-element elementor-element-1d23573 elementor-section-boxed elementor-section-height-default elementor-section-height-default\" data-id=\"1d23573\" data-element_type=\"section\">\n\t\t\t\t\t\t<div class=\"elementor-container elementor-column-gap-default\">\n\t\t\t\t\t<div class=\"elementor-column elementor-col-100 elementor-top-column elementor-element elementor-element-cd035a4\" data-id=\"cd035a4\" data-element_type=\"column\">\n\t\t\t<div class=\"elementor-widget-wrap elementor-element-populated\">\n\t\t\t\t\t\t<div class=\"elementor-element elementor-element-6f52c92 elementor-widget elementor-widget-text-editor\" data-id=\"6f52c92\" data-element_type=\"widget\" data-widget_type=\"text-editor.default\">\n\t\t\t\t<div class=\"elementor-widget-container\">\n\t\t\t\t\t\t\t<p>Cet accord donne une nouvelle force au <strong>Pacte \u00c9ducatif Africain<\/strong>, d\u00e9clinaison continentale du <strong>Pacte \u00c9ducatif Global<\/strong>. Il pr\u00e9voit de d\u00e9velopper des projets communs dans les domaines de la formation, de la recherche, du plaidoyer international et de l\u2019accompagnement des communaut\u00e9s \u00e9ducatives.<\/p>\t\t\t\t\t\t<\/div>\n\t\t\t\t<\/div>\n\t\t\t\t\t<\/div>\n\t\t<\/div>\n\t\t\t\t\t<\/div>\n\t\t<\/section>\n\t\t\t\t<section class=\"elementor-section elementor-top-section elementor-element elementor-element-3a30c96 elementor-section-boxed elementor-section-height-default elementor-section-height-default\" data-id=\"3a30c96\" data-element_type=\"section\">\n\t\t\t\t\t\t<div class=\"elementor-container elementor-column-gap-default\">\n\t\t\t\t\t<div class=\"elementor-column elementor-col-33 elementor-top-column elementor-element elementor-element-6f70918\" data-id=\"6f70918\" data-element_type=\"column\">\n\t\t\t<div class=\"elementor-widget-wrap elementor-element-populated\">\n\t\t\t\t\t\t<div class=\"elementor-element elementor-element-0cce364 elementor-widget elementor-widget-text-editor\" data-id=\"0cce364\" data-element_type=\"widget\" data-widget_type=\"text-editor.default\">\n\t\t\t\t<div class=\"elementor-widget-container\">\n\t\t\t\t\t\t\t<p>L\u2019OIEC et l\u2019IPEA souhaitent ainsi renforcer la formation des \u00e9ducateurs, promouvoir l\u2019\u00e9ducation des filles, soutenir la protection des mineurs et favoriser une \u00e9ducation enracin\u00e9e dans les r\u00e9alit\u00e9s africaines.\u00a0<\/p>\t\t\t\t\t\t<\/div>\n\t\t\t\t<\/div>\n\t\t\t\t\t<\/div>\n\t\t<\/div>\n\t\t\t\t<div class=\"elementor-column elementor-col-66 elementor-top-column elementor-element elementor-element-e80f5f3\" data-id=\"e80f5f3\" data-element_type=\"column\">\n\t\t\t<div class=\"elementor-widget-wrap elementor-element-populated\">\n\t\t\t\t\t\t<div class=\"elementor-element elementor-element-0538351 elementor-widget elementor-widget-image\" data-id=\"0538351\" data-element_type=\"widget\" data-widget_type=\"image.default\">\n\t\t\t\t<div class=\"elementor-widget-container\">\n\t\t\t\t\t\t\t\t\t\t\t\t\t<img decoding=\"async\" width=\"640\" height=\"480\" src=\"https:\/\/oiecinternational.com\/fr\/wp-content\/uploads\/sites\/3\/2026\/08\/WhatsApp-Image-2026-05-19-at-19.41.04-1024x768.jpeg\" class=\"attachment-large size-large wp-image-8551\" alt=\"\" srcset=\"https:\/\/oiecinternational.com\/fr\/wp-content\/uploads\/sites\/3\/2026\/08\/WhatsApp-Image-2026-05-19-at-19.41.04-1024x768.jpeg 1024w, https:\/\/oiecinternational.com\/fr\/wp-content\/uploads\/sites\/3\/2026\/08\/WhatsApp-Image-2026-05-19-at-19.41.04-300x225.jpeg 300w, https:\/\/oiecinternational.com\/fr\/wp-content\/uploads\/sites\/3\/2026\/08\/WhatsApp-Image-2026-05-19-at-19.41.04-768x576.jpeg 768w, https:\/\/oiecinternational.com\/fr\/wp-content\/uploads\/sites\/3\/2026\/08\/WhatsApp-Image-2026-05-19-at-19.41.04.jpeg 1080w\" sizes=\"(max-width: 640px) 100vw, 640px\" \/>\t\t\t\t\t\t\t\t\t\t\t\t\t<\/div>\n\t\t\t\t<\/div>\n\t\t\t\t\t<\/div>\n\t\t<\/div>\n\t\t\t\t\t<\/div>\n\t\t<\/section>\n\t\t\t\t<section class=\"elementor-section elementor-top-section elementor-element elementor-element-45224b2 elementor-section-boxed elementor-section-height-default elementor-section-height-default\" data-id=\"45224b2\" data-element_type=\"section\">\n\t\t\t\t\t\t<div class=\"elementor-container elementor-column-gap-default\">\n\t\t\t\t\t<div class=\"elementor-column elementor-col-100 elementor-top-column elementor-element elementor-element-301c503\" data-id=\"301c503\" data-element_type=\"column\">\n\t\t\t<div class=\"elementor-widget-wrap elementor-element-populated\">\n\t\t\t\t\t\t<div class=\"elementor-element elementor-element-3c94c23 elementor-widget elementor-widget-text-editor\" data-id=\"3c94c23\" data-element_type=\"widget\" data-widget_type=\"text-editor.default\">\n\t\t\t\t<div class=\"elementor-widget-container\">\n\t\t\t\t\t\t\t<p>Cette dynamique se prolonge \u00e9galement par des coop\u00e9rations concr\u00e8tes, notamment avec l\u2019enseignement catholique du Burkina Faso pour la p\u00e9riode 2026-2030.<\/p><p><strong>Achev\u00e9 par la D\u00e9claration de Kigali, le s\u00e9minaire ouvre une nouvelle \u00e9tape de collaboration au service d\u2019une \u00e9ducation porteuse de paix, de fraternit\u00e9 et d\u2019esp\u00e9rance pour l\u2019Afrique.<\/strong><\/p>\t\t\t\t\t\t<\/div>\n\t\t\t\t<\/div>\n\t\t\t\t\t<\/div>\n\t\t<\/div>\n\t\t\t\t\t<\/div>\n\t\t<\/section>\n\t\t\t\t<\/div>\n\t\t","protected":false},"excerpt":{"rendered":"<p>Du 12 au 15 mai 2026, Kigali a accueilli un s\u00e9minaire international consacr\u00e9 \u00e0 l\u2019avenir de l\u2019\u00e9ducation catholique en Afrique. Organis\u00e9 par l\u2019Institut du Pacte \u00c9ducatif Africain (IPEA), l\u2019OIEC Afrique et Madagascar et l\u2019Union Mondiale des Enseignants Catholiques (UMEC), il a r\u00e9uni des responsables \u00e9ducatifs, des enseignants et des experts venus de plusieurs pays. Plac\u00e9e sous le th\u00e8me \u00ab \u00c9cole&#8230;<\/p>\n","protected":false},"author":3,"featured_media":8555,"comment_status":"closed","ping_status":"closed","sticky":false,"template":"","format":"standard","meta":{"_eb_attr":"","footnotes":""},"categories":[3,129,130],"tags":[126],"class_list":["post-8542","post","type-post","status-publish","format-standard","has-post-thumbnail","hentry","category-afrique-madagascar","category-les-nouvelles-du-monde","category-actualites","tag-news"],"_links":{"self":[{"href":"https:\/\/oiecinternational.com\/fr\/wp-json\/wp\/v2\/posts\/8542"}],"collection":[{"href":"https:\/\/oiecinternational.com\/fr\/wp-json\/wp\/v2\/posts"}],"about":[{"href":"https:\/\/oiecinternational.com\/fr\/wp-json\/wp\/v2\/types\/post"}],"author":[{"embeddable":true,"href":"https:\/\/oiecinternational.com\/fr\/wp-json\/wp\/v2\/users\/3"}],"replies":[{"embeddable":true,"href":"https:\/\/oiecinternational.com\/fr\/wp-json\/wp\/v2\/comments?post=8542"}],"version-history":[{"count":5,"href":"https:\/\/oiecinternational.com\/fr\/wp-json\/wp\/v2\/posts\/8542\/revisions"}],"predecessor-version":[{"id":8638,"href":"https:\/\/oiecinternational.com\/fr\/wp-json\/wp\/v2\/posts\/8542\/revisions\/8638"}],"wp:featuredmedia":[{"embeddable":true,"href":"https:\/\/oiecinternational.com\/fr\/wp-json\/wp\/v2\/media\/8555"}],"wp:attachment":[{"href":"https:\/\/oiecinternational.com\/fr\/wp-json\/wp\/v2\/media?parent=8542"}],"wp:term":[{"taxonomy":"category","embeddable":true,"href":"https:\/\/oiecinternational.com\/fr\/wp-json\/wp\/v2\/categories?post=8542"},{"taxonomy":"post_tag","embeddable":true,"href":"https:\/\/oiecinternational.com\/fr\/wp-json\/wp\/v2\/tags?post=8542"}],"curies":[{"name":"wp","href":"https:\/\/api.w.org\/{rel}","templated":true}]}}