{"id":8543,"date":"2026-07-27T10:10:45","date_gmt":"2026-07-27T08:10:45","guid":{"rendered":"https:\/\/oiecinternational.com\/fr\/?p=8543"},"modified":"2026-08-27T13:36:39","modified_gmt":"2026-08-27T11:36:39","slug":"a-lonu-et-a-lunesco-loiec-porte-la-voix-de-leducation-catholique","status":"publish","type":"post","link":"https:\/\/oiecinternational.com\/fr\/2026\/07\/27\/a-lonu-et-a-lunesco-loiec-porte-la-voix-de-leducation-catholique\/","title":{"rendered":"\u00c0 l\u2019ONU et \u00e0 l\u2019UNESCO, l\u2019OIEC porte la voix de l\u2019\u00e9ducation catholique"},"content":{"rendered":"\t\t<div data-elementor-type=\"wp-post\" data-elementor-id=\"8543\" class=\"elementor elementor-8543\">\n\t\t\t\t\t\t<section class=\"elementor-section elementor-top-section elementor-element elementor-element-de93ea7 elementor-section-boxed elementor-section-height-default elementor-section-height-default\" data-id=\"de93ea7\" data-element_type=\"section\">\n\t\t\t\t\t\t<div class=\"elementor-container elementor-column-gap-default\">\n\t\t\t\t\t<div class=\"elementor-column elementor-col-100 elementor-top-column elementor-element elementor-element-f473fb6\" data-id=\"f473fb6\" data-element_type=\"column\">\n\t\t\t<div class=\"elementor-widget-wrap elementor-element-populated\">\n\t\t\t\t\t\t<div class=\"elementor-element elementor-element-12460dd elementor-widget elementor-widget-text-editor\" data-id=\"12460dd\" data-element_type=\"widget\" data-widget_type=\"text-editor.default\">\n\t\t\t\t<div class=\"elementor-widget-container\">\n\t\t\t\t\t\t\t<p><strong>La repr\u00e9sentation internationale constitue l\u2019une des missions essentielles de l\u2019Office International de l\u2019Enseignement Catholique. Par sa pr\u00e9sence aupr\u00e8s des Nations Unies et de l\u2019UNESCO, l\u2019OIEC veille \u00e0 ce que l\u2019exp\u00e9rience des communaut\u00e9s \u00e9ducatives et les r\u00e9alit\u00e9s v\u00e9cues par les enfants soient entendues dans les grandes r\u00e9flexions internationales.<\/strong><\/p><p>En 2026, plusieurs interventions ont permis de porter cette voix autour de priorit\u00e9s majeures : le droit \u00e0 l\u2019\u00e9ducation, la protection des enfants, la paix, l\u2019inclusion, l\u2019intelligence artificielle et la transformation des syst\u00e8mes \u00e9ducatifs.<\/p>\t\t\t\t\t\t<\/div>\n\t\t\t\t<\/div>\n\t\t\t\t\t<\/div>\n\t\t<\/div>\n\t\t\t\t\t<\/div>\n\t\t<\/section>\n\t\t\t\t<section class=\"elementor-section elementor-top-section elementor-element elementor-element-b30647a elementor-section-boxed elementor-section-height-default elementor-section-height-default\" data-id=\"b30647a\" data-element_type=\"section\">\n\t\t\t\t\t\t<div class=\"elementor-container elementor-column-gap-default\">\n\t\t\t\t\t<div class=\"elementor-column elementor-col-100 elementor-top-column elementor-element elementor-element-2c8b7f6\" data-id=\"2c8b7f6\" data-element_type=\"column\">\n\t\t\t<div class=\"elementor-widget-wrap elementor-element-populated\">\n\t\t\t\t\t\t<div class=\"elementor-element elementor-element-e6d4ebf elementor-widget elementor-widget-text-editor\" data-id=\"e6d4ebf\" data-element_type=\"widget\" data-widget_type=\"text-editor.default\">\n\t\t\t\t<div class=\"elementor-widget-container\">\n\t\t\t\t\t\t\t<h4><strong>D\u00e9fendre le droit \u00e0 l\u2019\u00e9ducation au Conseil des droits de l\u2019homme<\/strong><\/h4>\t\t\t\t\t\t<\/div>\n\t\t\t\t<\/div>\n\t\t\t\t\t<\/div>\n\t\t<\/div>\n\t\t\t\t\t<\/div>\n\t\t<\/section>\n\t\t\t\t<section class=\"elementor-section elementor-top-section elementor-element elementor-element-3b6060a elementor-section-boxed elementor-section-height-default elementor-section-height-default\" data-id=\"3b6060a\" data-element_type=\"section\">\n\t\t\t\t\t\t<div class=\"elementor-container elementor-column-gap-default\">\n\t\t\t\t\t<div class=\"elementor-column elementor-col-50 elementor-top-column elementor-element elementor-element-78d9126\" data-id=\"78d9126\" data-element_type=\"column\">\n\t\t\t<div class=\"elementor-widget-wrap elementor-element-populated\">\n\t\t\t\t\t\t<div class=\"elementor-element elementor-element-378cf3b elementor-widget elementor-widget-text-editor\" data-id=\"378cf3b\" data-element_type=\"widget\" data-widget_type=\"text-editor.default\">\n\t\t\t\t<div class=\"elementor-widget-container\">\n\t\t\t\t\t\t\t<p><strong>Le 27 mars 2026, lors de la 61e session du Conseil des droits de l\u2019homme des Nations Unies \u00e0 Gen\u00e8ve, Paulette Diakit\u00e9-Lacroix, repr\u00e9sentante de l\u2019OIEC aupr\u00e8s des Nations Unies, est intervenue au cours du dialogue consacr\u00e9 \u00e0 la situation des droits de l\u2019homme au Mali.<\/strong><\/p><p><a href=\"https:\/\/oiecinternational.com\/fr\/wp-content\/uploads\/sites\/3\/2026\/08\/Declaration-orale-Education-au-Mali-2026-Rev-26-mars.pdf\">T\u00e9l\u00e9chargez la d\u00e9claration orale<\/a><\/p>\t\t\t\t\t\t<\/div>\n\t\t\t\t<\/div>\n\t\t\t\t\t<\/div>\n\t\t<\/div>\n\t\t\t\t<div class=\"elementor-column elementor-col-50 elementor-top-column elementor-element elementor-element-1582469\" data-id=\"1582469\" data-element_type=\"column\">\n\t\t\t<div class=\"elementor-widget-wrap elementor-element-populated\">\n\t\t\t\t\t\t<div class=\"elementor-element elementor-element-9a90658 elementor-widget elementor-widget-image\" data-id=\"9a90658\" data-element_type=\"widget\" data-widget_type=\"image.default\">\n\t\t\t\t<div class=\"elementor-widget-container\">\n\t\t\t\t\t\t\t\t\t\t\t\t\t<img fetchpriority=\"high\" decoding=\"async\" width=\"640\" height=\"480\" src=\"https:\/\/oiecinternational.com\/fr\/wp-content\/uploads\/sites\/3\/2026\/08\/declaration-mali.png\" class=\"attachment-large size-large wp-image-8556\" alt=\"\" srcset=\"https:\/\/oiecinternational.com\/fr\/wp-content\/uploads\/sites\/3\/2026\/08\/declaration-mali.png 960w, https:\/\/oiecinternational.com\/fr\/wp-content\/uploads\/sites\/3\/2026\/08\/declaration-mali-300x225.png 300w, https:\/\/oiecinternational.com\/fr\/wp-content\/uploads\/sites\/3\/2026\/08\/declaration-mali-768x576.png 768w\" sizes=\"(max-width: 640px) 100vw, 640px\" \/>\t\t\t\t\t\t\t\t\t\t\t\t\t<\/div>\n\t\t\t\t<\/div>\n\t\t\t\t\t<\/div>\n\t\t<\/div>\n\t\t\t\t\t<\/div>\n\t\t<\/section>\n\t\t\t\t<section class=\"elementor-section elementor-top-section elementor-element elementor-element-6b6a7df elementor-section-boxed elementor-section-height-default elementor-section-height-default\" data-id=\"6b6a7df\" data-element_type=\"section\">\n\t\t\t\t\t\t<div class=\"elementor-container elementor-column-gap-default\">\n\t\t\t\t\t<div class=\"elementor-column elementor-col-100 elementor-top-column elementor-element elementor-element-177749e\" data-id=\"177749e\" data-element_type=\"column\">\n\t\t\t<div class=\"elementor-widget-wrap elementor-element-populated\">\n\t\t\t\t\t\t<div class=\"elementor-element elementor-element-52045f7 elementor-widget elementor-widget-text-editor\" data-id=\"52045f7\" data-element_type=\"widget\" data-widget_type=\"text-editor.default\">\n\t\t\t\t<div class=\"elementor-widget-container\">\n\t\t\t\t\t\t\t<p>Elle a attir\u00e9 l\u2019attention sur les cons\u00e9quences de l\u2019ins\u00e9curit\u00e9 pour les enfants et les communaut\u00e9s \u00e9ducatives : fermetures d\u2019\u00e9coles, d\u00e9placements de populations, attaques contre les infrastructures scolaires et aggravation des in\u00e9galit\u00e9s d\u2019acc\u00e8s \u00e0 l\u2019\u00e9ducation. L\u2019OIEC a notamment insist\u00e9 sur la situation des filles, particuli\u00e8rement expos\u00e9es au d\u00e9crochage scolaire, aux violences et aux mariages pr\u00e9coces.<\/p><p>Elle a appel\u00e9 \u00e0 renforcer la coop\u00e9ration afin de garantir la continuit\u00e9 de l\u2019\u00e9ducation dans les contextes de crise, rappelant que l\u2019\u00e9cole est \u00e0 la fois un lieu d\u2019apprentissage, de protection, de r\u00e9silience et de construction de la paix.<\/p>\t\t\t\t\t\t<\/div>\n\t\t\t\t<\/div>\n\t\t\t\t\t<\/div>\n\t\t<\/div>\n\t\t\t\t\t<\/div>\n\t\t<\/section>\n\t\t\t\t<section class=\"elementor-section elementor-top-section elementor-element elementor-element-8981720 elementor-section-boxed elementor-section-height-default elementor-section-height-default\" data-id=\"8981720\" data-element_type=\"section\">\n\t\t\t\t\t\t<div class=\"elementor-container elementor-column-gap-default\">\n\t\t\t\t\t<div class=\"elementor-column elementor-col-100 elementor-top-column elementor-element elementor-element-6a09467\" data-id=\"6a09467\" data-element_type=\"column\">\n\t\t\t<div class=\"elementor-widget-wrap elementor-element-populated\">\n\t\t\t\t\t\t<div class=\"elementor-element elementor-element-4b88918 elementor-widget elementor-widget-text-editor\" data-id=\"4b88918\" data-element_type=\"widget\" data-widget_type=\"text-editor.default\">\n\t\t\t\t<div class=\"elementor-widget-container\">\n\t\t\t\t\t\t\t<h4><strong>Pour une intelligence artificielle au service de la personne<\/strong><\/h4>\t\t\t\t\t\t<\/div>\n\t\t\t\t<\/div>\n\t\t\t\t\t<\/div>\n\t\t<\/div>\n\t\t\t\t\t<\/div>\n\t\t<\/section>\n\t\t\t\t<section class=\"elementor-section elementor-top-section elementor-element elementor-element-996245e elementor-section-boxed elementor-section-height-default elementor-section-height-default\" data-id=\"996245e\" data-element_type=\"section\">\n\t\t\t\t\t\t<div class=\"elementor-container elementor-column-gap-default\">\n\t\t\t\t\t<div class=\"elementor-column elementor-col-66 elementor-top-column elementor-element elementor-element-ed809b8\" data-id=\"ed809b8\" data-element_type=\"column\">\n\t\t\t<div class=\"elementor-widget-wrap elementor-element-populated\">\n\t\t\t\t\t\t<div class=\"elementor-element elementor-element-bcb6a4d elementor-widget elementor-widget-image\" data-id=\"bcb6a4d\" data-element_type=\"widget\" data-widget_type=\"image.default\">\n\t\t\t\t<div class=\"elementor-widget-container\">\n\t\t\t\t\t\t\t\t\t\t\t\t\t<img decoding=\"async\" width=\"640\" height=\"480\" src=\"https:\/\/oiecinternational.com\/fr\/wp-content\/uploads\/sites\/3\/2026\/08\/6-juillet-2026-1024x768.png\" class=\"attachment-large size-large wp-image-8558\" alt=\"\" srcset=\"https:\/\/oiecinternational.com\/fr\/wp-content\/uploads\/sites\/3\/2026\/08\/6-juillet-2026-1024x768.png 1024w, https:\/\/oiecinternational.com\/fr\/wp-content\/uploads\/sites\/3\/2026\/08\/6-juillet-2026-300x225.png 300w, https:\/\/oiecinternational.com\/fr\/wp-content\/uploads\/sites\/3\/2026\/08\/6-juillet-2026-768x576.png 768w, https:\/\/oiecinternational.com\/fr\/wp-content\/uploads\/sites\/3\/2026\/08\/6-juillet-2026.png 1411w\" sizes=\"(max-width: 640px) 100vw, 640px\" \/>\t\t\t\t\t\t\t\t\t\t\t\t\t<\/div>\n\t\t\t\t<\/div>\n\t\t\t\t\t<\/div>\n\t\t<\/div>\n\t\t\t\t<div class=\"elementor-column elementor-col-33 elementor-top-column elementor-element elementor-element-7c00901\" data-id=\"7c00901\" data-element_type=\"column\">\n\t\t\t<div class=\"elementor-widget-wrap elementor-element-populated\">\n\t\t\t\t\t\t<div class=\"elementor-element elementor-element-f89f108 elementor-widget elementor-widget-text-editor\" data-id=\"f89f108\" data-element_type=\"widget\" data-widget_type=\"text-editor.default\">\n\t\t\t\t<div class=\"elementor-widget-container\">\n\t\t\t\t\t\t\t<p><strong>Les 6 et 7 juillet 2026, l\u2019OIEC \u00e9tait pr\u00e9sente \u00e0 Gen\u00e8ve lors du premier Dialogue mondial sur la gouvernance de l\u2019intelligence artificielle organis\u00e9 par les Nations Unies.<\/strong><\/p>\t\t\t\t\t\t<\/div>\n\t\t\t\t<\/div>\n\t\t\t\t\t<\/div>\n\t\t<\/div>\n\t\t\t\t\t<\/div>\n\t\t<\/section>\n\t\t\t\t<section class=\"elementor-section elementor-top-section elementor-element elementor-element-64dd717 elementor-section-boxed elementor-section-height-default elementor-section-height-default\" data-id=\"64dd717\" data-element_type=\"section\">\n\t\t\t\t\t\t<div class=\"elementor-container elementor-column-gap-default\">\n\t\t\t\t\t<div class=\"elementor-column elementor-col-100 elementor-top-column elementor-element elementor-element-860b5ec\" data-id=\"860b5ec\" data-element_type=\"column\">\n\t\t\t<div class=\"elementor-widget-wrap elementor-element-populated\">\n\t\t\t\t\t\t<div class=\"elementor-element elementor-element-78594bc elementor-widget elementor-widget-text-editor\" data-id=\"78594bc\" data-element_type=\"widget\" data-widget_type=\"text-editor.default\">\n\t\t\t\t<div class=\"elementor-widget-container\">\n\t\t\t\t\t\t\t<p>L\u2019OIEC y a d\u00e9fendu une approche de l\u2019intelligence artificielle fond\u00e9e sur la dignit\u00e9 humaine, la protection des enfants et le respect de leurs droits. Les donn\u00e9es personnelles, la vie priv\u00e9e, les in\u00e9galit\u00e9s d\u2019acc\u00e8s, la formation des enseignants et l\u2019\u00e9ducation \u00e0 l\u2019esprit critique doivent \u00eatre pleinement int\u00e9gr\u00e9es aux d\u00e9cisions internationales.<\/p><p>Si l\u2019intelligence artificielle offre de nouvelles possibilit\u00e9s pour apprendre et accompagner les \u00e9l\u00e8ves, elle doit s\u2019inscrire dans une gouvernance claire, \u00e9thique et protectrice. L\u2019innovation technologique doit toujours demeurer au service de la personne et du bien commun.<\/p>\t\t\t\t\t\t<\/div>\n\t\t\t\t<\/div>\n\t\t\t\t\t<\/div>\n\t\t<\/div>\n\t\t\t\t\t<\/div>\n\t\t<\/section>\n\t\t\t\t<section class=\"elementor-section elementor-top-section elementor-element elementor-element-d3f23f1 elementor-section-boxed elementor-section-height-default elementor-section-height-default\" data-id=\"d3f23f1\" data-element_type=\"section\">\n\t\t\t\t\t\t<div class=\"elementor-container elementor-column-gap-default\">\n\t\t\t\t\t<div class=\"elementor-column elementor-col-100 elementor-top-column elementor-element elementor-element-6734b2e\" data-id=\"6734b2e\" data-element_type=\"column\">\n\t\t\t<div class=\"elementor-widget-wrap elementor-element-populated\">\n\t\t\t\t\t\t<div class=\"elementor-element elementor-element-0c0cde8 elementor-widget elementor-widget-text-editor\" data-id=\"0c0cde8\" data-element_type=\"widget\" data-widget_type=\"text-editor.default\">\n\t\t\t\t<div class=\"elementor-widget-container\">\n\t\t\t\t\t\t\t<h4><strong>Participer \u00e0 la transformation mondiale de l\u2019\u00e9ducation<\/strong><\/h4>\t\t\t\t\t\t<\/div>\n\t\t\t\t<\/div>\n\t\t\t\t\t<\/div>\n\t\t<\/div>\n\t\t\t\t\t<\/div>\n\t\t<\/section>\n\t\t\t\t<section class=\"elementor-section elementor-top-section elementor-element elementor-element-9fc5740 elementor-section-boxed elementor-section-height-default elementor-section-height-default\" data-id=\"9fc5740\" data-element_type=\"section\">\n\t\t\t\t\t\t<div class=\"elementor-container elementor-column-gap-default\">\n\t\t\t\t\t<div class=\"elementor-column elementor-col-50 elementor-top-column elementor-element elementor-element-c8f77b7\" data-id=\"c8f77b7\" data-element_type=\"column\">\n\t\t\t<div class=\"elementor-widget-wrap elementor-element-populated\">\n\t\t\t\t\t\t<div class=\"elementor-element elementor-element-335cf7a elementor-widget elementor-widget-text-editor\" data-id=\"335cf7a\" data-element_type=\"widget\" data-widget_type=\"text-editor.default\">\n\t\t\t\t<div class=\"elementor-widget-container\">\n\t\t\t\t\t\t\t<p>Le 10 juillet 2026, l\u2019OIEC, repr\u00e9sent\u00e9 par Gloria Parra, Michel Bertet et Hummas Sohail, a particip\u00e9 au <em>Transforming Education Summit +4<\/em>, organis\u00e9 au si\u00e8ge de l\u2019UNESCO \u00e0 Paris.<\/p>\t\t\t\t\t\t<\/div>\n\t\t\t\t<\/div>\n\t\t\t\t\t<\/div>\n\t\t<\/div>\n\t\t\t\t<div class=\"elementor-column elementor-col-50 elementor-top-column elementor-element elementor-element-295db78\" data-id=\"295db78\" data-element_type=\"column\">\n\t\t\t<div class=\"elementor-widget-wrap elementor-element-populated\">\n\t\t\t\t\t\t<div class=\"elementor-element elementor-element-d288ed3 elementor-widget elementor-widget-image\" data-id=\"d288ed3\" data-element_type=\"widget\" data-widget_type=\"image.default\">\n\t\t\t\t<div class=\"elementor-widget-container\">\n\t\t\t\t\t\t\t\t\t\t\t\t\t<img decoding=\"async\" width=\"640\" height=\"479\" src=\"https:\/\/oiecinternational.com\/fr\/wp-content\/uploads\/sites\/3\/2026\/08\/Diapositive21.png\" class=\"attachment-large size-large wp-image-8560\" alt=\"\" srcset=\"https:\/\/oiecinternational.com\/fr\/wp-content\/uploads\/sites\/3\/2026\/08\/Diapositive21.png 800w, https:\/\/oiecinternational.com\/fr\/wp-content\/uploads\/sites\/3\/2026\/08\/Diapositive21-300x225.png 300w, https:\/\/oiecinternational.com\/fr\/wp-content\/uploads\/sites\/3\/2026\/08\/Diapositive21-768x575.png 768w\" sizes=\"(max-width: 640px) 100vw, 640px\" \/>\t\t\t\t\t\t\t\t\t\t\t\t\t<\/div>\n\t\t\t\t<\/div>\n\t\t\t\t\t<\/div>\n\t\t<\/div>\n\t\t\t\t\t<\/div>\n\t\t<\/section>\n\t\t\t\t<section class=\"elementor-section elementor-top-section elementor-element elementor-element-c5cceb6 elementor-section-boxed elementor-section-height-default elementor-section-height-default\" data-id=\"c5cceb6\" data-element_type=\"section\">\n\t\t\t\t\t\t<div class=\"elementor-container elementor-column-gap-default\">\n\t\t\t\t\t<div class=\"elementor-column elementor-col-50 elementor-top-column elementor-element elementor-element-b66b9b9\" data-id=\"b66b9b9\" data-element_type=\"column\">\n\t\t\t<div class=\"elementor-widget-wrap elementor-element-populated\">\n\t\t\t\t\t\t<div class=\"elementor-element elementor-element-a48cf83 elementor-widget elementor-widget-text-editor\" data-id=\"a48cf83\" data-element_type=\"widget\" data-widget_type=\"text-editor.default\">\n\t\t\t\t<div class=\"elementor-widget-container\">\n\t\t\t\t\t\t\t<p>Cette rencontre avait pour objectif d\u2019\u00e9valuer les progr\u00e8s accomplis depuis le Sommet sur la transformation de l\u2019\u00e9ducation de 2022 et d\u2019acc\u00e9l\u00e9rer la r\u00e9alisation de l\u2019Objectif de d\u00e9veloppement durable no 4 : garantir \u00e0 toutes et \u00e0 tous une \u00e9ducation inclusive, \u00e9quitable et de qualit\u00e9.<\/p>\t\t\t\t\t\t<\/div>\n\t\t\t\t<\/div>\n\t\t\t\t\t<\/div>\n\t\t<\/div>\n\t\t\t\t<div class=\"elementor-column elementor-col-50 elementor-top-column elementor-element elementor-element-dd22386\" data-id=\"dd22386\" data-element_type=\"column\">\n\t\t\t<div class=\"elementor-widget-wrap elementor-element-populated\">\n\t\t\t\t\t\t<div class=\"elementor-element elementor-element-16f14d2 elementor-widget elementor-widget-image\" data-id=\"16f14d2\" data-element_type=\"widget\" data-widget_type=\"image.default\">\n\t\t\t\t<div class=\"elementor-widget-container\">\n\t\t\t\t\t\t\t\t\t\t\t\t\t<img loading=\"lazy\" decoding=\"async\" width=\"640\" height=\"480\" src=\"https:\/\/oiecinternational.com\/fr\/wp-content\/uploads\/sites\/3\/2026\/08\/WhatsApp-Image-2026-07-15-at-11.41.25-1-1024x768.jpeg\" class=\"attachment-large size-large wp-image-8561\" alt=\"\" srcset=\"https:\/\/oiecinternational.com\/fr\/wp-content\/uploads\/sites\/3\/2026\/08\/WhatsApp-Image-2026-07-15-at-11.41.25-1-1024x768.jpeg 1024w, https:\/\/oiecinternational.com\/fr\/wp-content\/uploads\/sites\/3\/2026\/08\/WhatsApp-Image-2026-07-15-at-11.41.25-1-300x225.jpeg 300w, https:\/\/oiecinternational.com\/fr\/wp-content\/uploads\/sites\/3\/2026\/08\/WhatsApp-Image-2026-07-15-at-11.41.25-1-768x576.jpeg 768w, https:\/\/oiecinternational.com\/fr\/wp-content\/uploads\/sites\/3\/2026\/08\/WhatsApp-Image-2026-07-15-at-11.41.25-1-1536x1152.jpeg 1536w, https:\/\/oiecinternational.com\/fr\/wp-content\/uploads\/sites\/3\/2026\/08\/WhatsApp-Image-2026-07-15-at-11.41.25-1.jpeg 1600w\" sizes=\"(max-width: 640px) 100vw, 640px\" \/>\t\t\t\t\t\t\t\t\t\t\t\t\t<\/div>\n\t\t\t\t<\/div>\n\t\t\t\t\t<\/div>\n\t\t<\/div>\n\t\t\t\t\t<\/div>\n\t\t<\/section>\n\t\t\t\t<section class=\"elementor-section elementor-top-section elementor-element elementor-element-a8dd794 elementor-section-boxed elementor-section-height-default elementor-section-height-default\" data-id=\"a8dd794\" data-element_type=\"section\">\n\t\t\t\t\t\t<div class=\"elementor-container elementor-column-gap-default\">\n\t\t\t\t\t<div class=\"elementor-column elementor-col-100 elementor-top-column elementor-element elementor-element-4616093\" data-id=\"4616093\" data-element_type=\"column\">\n\t\t\t<div class=\"elementor-widget-wrap elementor-element-populated\">\n\t\t\t\t\t\t<div class=\"elementor-element elementor-element-bc9843e elementor-widget elementor-widget-text-editor\" data-id=\"bc9843e\" data-element_type=\"widget\" data-widget_type=\"text-editor.default\">\n\t\t\t\t<div class=\"elementor-widget-container\">\n\t\t\t\t\t\t\t<p>Les \u00e9changes ont port\u00e9 sur le financement de l\u2019\u00e9ducation, la formation des enseignants, l\u2019inclusion, l\u2019\u00e9galit\u00e9 entre les filles et les gar\u00e7ons, la transformation num\u00e9rique et la capacit\u00e9 des syst\u00e8mes \u00e9ducatifs \u00e0 faire face aux crises. L\u2019OIEC a ainsi r\u00e9affirm\u00e9 la contribution des \u00e9coles catholiques \u00e0 cette mobilisation mondiale, particuli\u00e8rement par leur attention \u00e0 chaque personne et aux plus fragiles.<\/p>\t\t\t\t\t\t<\/div>\n\t\t\t\t<\/div>\n\t\t\t\t\t<\/div>\n\t\t<\/div>\n\t\t\t\t\t<\/div>\n\t\t<\/section>\n\t\t\t\t<section class=\"elementor-section elementor-top-section elementor-element elementor-element-8a6e3b6 elementor-section-boxed elementor-section-height-default elementor-section-height-default\" data-id=\"8a6e3b6\" data-element_type=\"section\">\n\t\t\t\t\t\t<div class=\"elementor-container elementor-column-gap-default\">\n\t\t\t\t\t<div class=\"elementor-column elementor-col-100 elementor-top-column elementor-element elementor-element-d2ba742\" data-id=\"d2ba742\" data-element_type=\"column\">\n\t\t\t<div class=\"elementor-widget-wrap elementor-element-populated\">\n\t\t\t\t\t\t<div class=\"elementor-element elementor-element-31e055b elementor-widget elementor-widget-text-editor\" data-id=\"31e055b\" data-element_type=\"widget\" data-widget_type=\"text-editor.default\">\n\t\t\t\t<div class=\"elementor-widget-container\">\n\t\t\t\t\t\t\t<h4><strong>L\u2019\u00e9ducation au c\u0153ur d\u2019une culture de paix<\/strong><\/h4>\t\t\t\t\t\t<\/div>\n\t\t\t\t<\/div>\n\t\t\t\t\t<\/div>\n\t\t<\/div>\n\t\t\t\t\t<\/div>\n\t\t<\/section>\n\t\t\t\t<section class=\"elementor-section elementor-top-section elementor-element elementor-element-259763d elementor-section-boxed elementor-section-height-default elementor-section-height-default\" data-id=\"259763d\" data-element_type=\"section\">\n\t\t\t\t\t\t<div class=\"elementor-container elementor-column-gap-default\">\n\t\t\t\t\t<div class=\"elementor-column elementor-col-50 elementor-top-column elementor-element elementor-element-14ccc26\" data-id=\"14ccc26\" data-element_type=\"column\">\n\t\t\t<div class=\"elementor-widget-wrap elementor-element-populated\">\n\t\t\t\t\t\t<div class=\"elementor-element elementor-element-627a78d elementor-widget elementor-widget-image\" data-id=\"627a78d\" data-element_type=\"widget\" data-widget_type=\"image.default\">\n\t\t\t\t<div class=\"elementor-widget-container\">\n\t\t\t\t\t\t\t\t\t\t\t\t\t<img loading=\"lazy\" decoding=\"async\" width=\"640\" height=\"480\" src=\"https:\/\/oiecinternational.com\/fr\/wp-content\/uploads\/sites\/3\/2026\/08\/Diapositive5-1024x768.png\" class=\"attachment-large size-large wp-image-8562\" alt=\"\" srcset=\"https:\/\/oiecinternational.com\/fr\/wp-content\/uploads\/sites\/3\/2026\/08\/Diapositive5-1024x768.png 1024w, https:\/\/oiecinternational.com\/fr\/wp-content\/uploads\/sites\/3\/2026\/08\/Diapositive5-300x225.png 300w, https:\/\/oiecinternational.com\/fr\/wp-content\/uploads\/sites\/3\/2026\/08\/Diapositive5-768x576.png 768w, https:\/\/oiecinternational.com\/fr\/wp-content\/uploads\/sites\/3\/2026\/08\/Diapositive5.png 1411w\" sizes=\"(max-width: 640px) 100vw, 640px\" \/>\t\t\t\t\t\t\t\t\t\t\t\t\t<\/div>\n\t\t\t\t<\/div>\n\t\t\t\t\t<\/div>\n\t\t<\/div>\n\t\t\t\t<div class=\"elementor-column elementor-col-50 elementor-top-column elementor-element elementor-element-94b7545\" data-id=\"94b7545\" data-element_type=\"column\">\n\t\t\t<div class=\"elementor-widget-wrap elementor-element-populated\">\n\t\t\t\t\t\t<div class=\"elementor-element elementor-element-9e64adc elementor-widget elementor-widget-text-editor\" data-id=\"9e64adc\" data-element_type=\"widget\" data-widget_type=\"text-editor.default\">\n\t\t\t\t<div class=\"elementor-widget-container\">\n\t\t\t\t\t\t\t<p>Le 8 juillet, Gloria Parra et Hummas Sohail, repr\u00e9sentants de l\u2019OIEC aupr\u00e8s de l\u2019UNESCO, avaient \u00e9galement particip\u00e9 au premier dialogue consacr\u00e9 \u00e0 la culture de paix en Afrique.<\/p>\t\t\t\t\t\t<\/div>\n\t\t\t\t<\/div>\n\t\t\t\t\t<\/div>\n\t\t<\/div>\n\t\t\t\t\t<\/div>\n\t\t<\/section>\n\t\t\t\t<section class=\"elementor-section elementor-top-section elementor-element elementor-element-5cbfae2 elementor-section-boxed elementor-section-height-default elementor-section-height-default\" data-id=\"5cbfae2\" data-element_type=\"section\">\n\t\t\t\t\t\t<div class=\"elementor-container elementor-column-gap-default\">\n\t\t\t\t\t<div class=\"elementor-column elementor-col-50 elementor-top-column elementor-element elementor-element-62e4b3f\" data-id=\"62e4b3f\" data-element_type=\"column\">\n\t\t\t<div class=\"elementor-widget-wrap elementor-element-populated\">\n\t\t\t\t\t\t<div class=\"elementor-element elementor-element-928a123 elementor-widget elementor-widget-image\" data-id=\"928a123\" data-element_type=\"widget\" data-widget_type=\"image.default\">\n\t\t\t\t<div class=\"elementor-widget-container\">\n\t\t\t\t\t\t\t\t\t\t\t\t\t<img loading=\"lazy\" decoding=\"async\" width=\"640\" height=\"480\" src=\"https:\/\/oiecinternational.com\/fr\/wp-content\/uploads\/sites\/3\/2026\/08\/5-1024x768.jpeg\" class=\"attachment-large size-large wp-image-8563\" alt=\"\" srcset=\"https:\/\/oiecinternational.com\/fr\/wp-content\/uploads\/sites\/3\/2026\/08\/5-1024x768.jpeg 1024w, https:\/\/oiecinternational.com\/fr\/wp-content\/uploads\/sites\/3\/2026\/08\/5-300x225.jpeg 300w, https:\/\/oiecinternational.com\/fr\/wp-content\/uploads\/sites\/3\/2026\/08\/5-768x576.jpeg 768w, https:\/\/oiecinternational.com\/fr\/wp-content\/uploads\/sites\/3\/2026\/08\/5-1536x1152.jpeg 1536w, https:\/\/oiecinternational.com\/fr\/wp-content\/uploads\/sites\/3\/2026\/08\/5.jpeg 1600w\" sizes=\"(max-width: 640px) 100vw, 640px\" \/>\t\t\t\t\t\t\t\t\t\t\t\t\t<\/div>\n\t\t\t\t<\/div>\n\t\t\t\t\t<\/div>\n\t\t<\/div>\n\t\t\t\t<div class=\"elementor-column elementor-col-50 elementor-top-column elementor-element elementor-element-39afc14\" data-id=\"39afc14\" data-element_type=\"column\">\n\t\t\t<div class=\"elementor-widget-wrap elementor-element-populated\">\n\t\t\t\t\t\t<div class=\"elementor-element elementor-element-7bf77ae elementor-widget elementor-widget-text-editor\" data-id=\"7bf77ae\" data-element_type=\"widget\" data-widget_type=\"text-editor.default\">\n\t\t\t\t<div class=\"elementor-widget-container\">\n\t\t\t\t\t\t\t<p>Organis\u00e9e en pr\u00e9paration de la quatri\u00e8me Biennale de Luanda, cette rencontre r\u00e9unissait des experts, des Chaires UNESCO et des r\u00e9seaux UNITWIN autour de la contribution des savoirs et des syst\u00e8mes de gouvernance africains \u00e0 la construction de soci\u00e9t\u00e9s plus pacifiques, inclusives et durables.<\/p>\t\t\t\t\t\t<\/div>\n\t\t\t\t<\/div>\n\t\t\t\t\t<\/div>\n\t\t<\/div>\n\t\t\t\t\t<\/div>\n\t\t<\/section>\n\t\t\t\t<section class=\"elementor-section elementor-top-section elementor-element elementor-element-a986870 elementor-section-boxed elementor-section-height-default elementor-section-height-default\" data-id=\"a986870\" data-element_type=\"section\">\n\t\t\t\t\t\t<div class=\"elementor-container elementor-column-gap-default\">\n\t\t\t\t\t<div class=\"elementor-column elementor-col-100 elementor-top-column elementor-element elementor-element-51a76d2\" data-id=\"51a76d2\" data-element_type=\"column\">\n\t\t\t<div class=\"elementor-widget-wrap elementor-element-populated\">\n\t\t\t\t\t\t<div class=\"elementor-element elementor-element-ca88c84 elementor-widget elementor-widget-text-editor\" data-id=\"ca88c84\" data-element_type=\"widget\" data-widget_type=\"text-editor.default\">\n\t\t\t\t<div class=\"elementor-widget-container\">\n\t\t\t\t\t\t\t<p>Pour l\u2019OIEC, la culture de paix commence \u00e0 l\u2019\u00e9cole. Elle se construit par le dialogue, l\u2019\u00e9coute, la coop\u00e9ration, la reconnaissance des cultures et la valorisation des connaissances issues des communaut\u00e9s et des traditions locales.<\/p>\t\t\t\t\t\t<\/div>\n\t\t\t\t<\/div>\n\t\t\t\t\t<\/div>\n\t\t<\/div>\n\t\t\t\t\t<\/div>\n\t\t<\/section>\n\t\t\t\t<section class=\"elementor-section elementor-top-section elementor-element elementor-element-124c5f2 elementor-section-boxed elementor-section-height-default elementor-section-height-default\" data-id=\"124c5f2\" data-element_type=\"section\">\n\t\t\t\t\t\t<div class=\"elementor-container elementor-column-gap-default\">\n\t\t\t\t\t<div class=\"elementor-column elementor-col-100 elementor-top-column elementor-element elementor-element-655a065\" data-id=\"655a065\" data-element_type=\"column\">\n\t\t\t<div class=\"elementor-widget-wrap elementor-element-populated\">\n\t\t\t\t\t\t<div class=\"elementor-element elementor-element-59a1407 elementor-widget elementor-widget-text-editor\" data-id=\"59a1407\" data-element_type=\"widget\" data-widget_type=\"text-editor.default\">\n\t\t\t\t<div class=\"elementor-widget-container\">\n\t\t\t\t\t\t\t<h4><strong>Relier les r\u00e9alit\u00e9s du terrain aux d\u00e9cisions internationales<\/strong><\/h4><p>\u00c0 travers l\u2019engagement de ses repr\u00e9sentants aupr\u00e8s de l\u2019ONU et de l\u2019UNESCO, l\u2019OIEC cr\u00e9e un lien entre les r\u00e9alit\u00e9s v\u00e9cues dans les \u00e9coles et les lieux o\u00f9 se construisent les grandes orientations internationales.<\/p><p>Porter la voix de l\u2019\u00e9ducation catholique, c\u2019est d\u00e9fendre le droit de chaque enfant \u00e0 recevoir une \u00e9ducation de qualit\u00e9 dans un environnement s\u00fbr, t\u00e9moigner de l\u2019exp\u00e9rience des \u00e9tablissements et contribuer \u00e0 des r\u00e9ponses internationales plus justes et plus humaines.<\/p>\t\t\t\t\t\t<\/div>\n\t\t\t\t<\/div>\n\t\t\t\t\t<\/div>\n\t\t<\/div>\n\t\t\t\t\t<\/div>\n\t\t<\/section>\n\t\t\t\t<\/div>\n\t\t","protected":false},"excerpt":{"rendered":"<p>La repr\u00e9sentation internationale constitue l\u2019une des missions essentielles de l\u2019Office International de l\u2019Enseignement Catholique. Par sa pr\u00e9sence aupr\u00e8s des Nations Unies et de l\u2019UNESCO, l\u2019OIEC veille \u00e0 ce que l\u2019exp\u00e9rience des communaut\u00e9s \u00e9ducatives et les r\u00e9alit\u00e9s v\u00e9cues par les enfants soient entendues dans les grandes r\u00e9flexions internationales. En 2026, plusieurs interventions ont permis de porter cette voix autour de priorit\u00e9s&#8230;<\/p>\n","protected":false},"author":3,"featured_media":8567,"comment_status":"closed","ping_status":"closed","sticky":false,"template":"","format":"standard","meta":{"_eb_attr":"","footnotes":""},"categories":[129,130],"tags":[126],"class_list":["post-8543","post","type-post","status-publish","format-standard","has-post-thumbnail","hentry","category-les-nouvelles-du-monde","category-actualites","tag-news"],"_links":{"self":[{"href":"https:\/\/oiecinternational.com\/fr\/wp-json\/wp\/v2\/posts\/8543"}],"collection":[{"href":"https:\/\/oiecinternational.com\/fr\/wp-json\/wp\/v2\/posts"}],"about":[{"href":"https:\/\/oiecinternational.com\/fr\/wp-json\/wp\/v2\/types\/post"}],"author":[{"embeddable":true,"href":"https:\/\/oiecinternational.com\/fr\/wp-json\/wp\/v2\/users\/3"}],"replies":[{"embeddable":true,"href":"https:\/\/oiecinternational.com\/fr\/wp-json\/wp\/v2\/comments?post=8543"}],"version-history":[{"count":5,"href":"https:\/\/oiecinternational.com\/fr\/wp-json\/wp\/v2\/posts\/8543\/revisions"}],"predecessor-version":[{"id":8639,"href":"https:\/\/oiecinternational.com\/fr\/wp-json\/wp\/v2\/posts\/8543\/revisions\/8639"}],"wp:featuredmedia":[{"embeddable":true,"href":"https:\/\/oiecinternational.com\/fr\/wp-json\/wp\/v2\/media\/8567"}],"wp:attachment":[{"href":"https:\/\/oiecinternational.com\/fr\/wp-json\/wp\/v2\/media?parent=8543"}],"wp:term":[{"taxonomy":"category","embeddable":true,"href":"https:\/\/oiecinternational.com\/fr\/wp-json\/wp\/v2\/categories?post=8543"},{"taxonomy":"post_tag","embeddable":true,"href":"https:\/\/oiecinternational.com\/fr\/wp-json\/wp\/v2\/tags?post=8543"}],"curies":[{"name":"wp","href":"https:\/\/api.w.org\/{rel}","templated":true}]}}