{"id":8544,"date":"2026-08-26T10:30:19","date_gmt":"2026-08-26T08:30:19","guid":{"rendered":"https:\/\/oiecinternational.com\/fr\/?p=8544"},"modified":"2026-08-27T13:36:51","modified_gmt":"2026-08-27T11:36:51","slug":"loiec-rencontre-le-pape-leon-xiv-une-mission-educative-partagee","status":"publish","type":"post","link":"https:\/\/oiecinternational.com\/fr\/2026\/08\/26\/loiec-rencontre-le-pape-leon-xiv-une-mission-educative-partagee\/","title":{"rendered":"L\u2019OIEC rencontre le pape L\u00e9on XIV : une mission \u00e9ducative partag\u00e9e"},"content":{"rendered":"\t\t<div data-elementor-type=\"wp-post\" data-elementor-id=\"8544\" class=\"elementor elementor-8544\">\n\t\t\t\t\t\t<section class=\"elementor-section elementor-top-section elementor-element elementor-element-13620d1 elementor-section-boxed elementor-section-height-default elementor-section-height-default\" data-id=\"13620d1\" data-element_type=\"section\">\n\t\t\t\t\t\t<div class=\"elementor-container elementor-column-gap-default\">\n\t\t\t\t\t<div class=\"elementor-column elementor-col-50 elementor-top-column elementor-element elementor-element-d0ecd9c\" data-id=\"d0ecd9c\" data-element_type=\"column\">\n\t\t\t<div class=\"elementor-widget-wrap elementor-element-populated\">\n\t\t\t\t\t\t<div class=\"elementor-element elementor-element-1b9e3de elementor-widget elementor-widget-text-editor\" data-id=\"1b9e3de\" data-element_type=\"widget\" data-widget_type=\"text-editor.default\">\n\t\t\t\t<div class=\"elementor-widget-container\">\n\t\t\t\t\t\t\t<p>\u00c0 l\u2019occasion de l\u2019audience g\u00e9n\u00e9rale du mercredi 26 ao\u00fbt 2026 au Vatican, Herv\u00e9 Lecomte, secr\u00e9taire g\u00e9n\u00e9ral de l\u2019Office International de l\u2019Enseignement Catholique (OIEC), a eu la joie d\u2019\u00e9changer personnellement avec le pape L\u00e9on XIV.<\/p><p>Cette rencontre s\u2019inscrit dans la continuit\u00e9 d\u2019un premier \u00e9change v\u00e9cu lors du Jubil\u00e9 du monde de l\u2019\u00e9ducation, \u00e0 Rome. Herv\u00e9 Lecomte avait alors pu pr\u00e9senter au Saint-P\u00e8re l\u2019engagement de l\u2019OIEC et lui remettre l\u2019ouvrage <em>Une \u00e9cole pour la paix<\/em>, r\u00e9alis\u00e9 pour accompagner les communaut\u00e9s \u00e9ducatives dans leur mission de dialogue, de fraternit\u00e9 et de r\u00e9conciliation.<\/p>\t\t\t\t\t\t<\/div>\n\t\t\t\t<\/div>\n\t\t\t\t\t<\/div>\n\t\t<\/div>\n\t\t\t\t<div class=\"elementor-column elementor-col-50 elementor-top-column elementor-element elementor-element-233b4e0\" data-id=\"233b4e0\" data-element_type=\"column\">\n\t\t\t<div class=\"elementor-widget-wrap elementor-element-populated\">\n\t\t\t\t\t\t<div class=\"elementor-element elementor-element-e9803db elementor-widget elementor-widget-image\" data-id=\"e9803db\" data-element_type=\"widget\" data-widget_type=\"image.default\">\n\t\t\t\t<div class=\"elementor-widget-container\">\n\t\t\t\t\t\t\t\t\t\t\t\t\t<img fetchpriority=\"high\" decoding=\"async\" width=\"640\" height=\"897\" src=\"https:\/\/oiecinternational.com\/fr\/wp-content\/uploads\/sites\/3\/2026\/08\/HL-Leon-XIV-731x1024.png\" class=\"attachment-large size-large wp-image-8569\" alt=\"\" srcset=\"https:\/\/oiecinternational.com\/fr\/wp-content\/uploads\/sites\/3\/2026\/08\/HL-Leon-XIV-731x1024.png 731w, https:\/\/oiecinternational.com\/fr\/wp-content\/uploads\/sites\/3\/2026\/08\/HL-Leon-XIV-214x300.png 214w, https:\/\/oiecinternational.com\/fr\/wp-content\/uploads\/sites\/3\/2026\/08\/HL-Leon-XIV-768x1075.png 768w, https:\/\/oiecinternational.com\/fr\/wp-content\/uploads\/sites\/3\/2026\/08\/HL-Leon-XIV.png 1060w\" sizes=\"(max-width: 640px) 100vw, 640px\" \/>\t\t\t\t\t\t\t\t\t\t\t\t\t<\/div>\n\t\t\t\t<\/div>\n\t\t\t\t\t<\/div>\n\t\t<\/div>\n\t\t\t\t\t<\/div>\n\t\t<\/section>\n\t\t\t\t<section class=\"elementor-section elementor-top-section elementor-element elementor-element-8b6aef9 elementor-section-boxed elementor-section-height-default elementor-section-height-default\" data-id=\"8b6aef9\" data-element_type=\"section\">\n\t\t\t\t\t\t<div class=\"elementor-container elementor-column-gap-default\">\n\t\t\t\t\t<div class=\"elementor-column elementor-col-100 elementor-top-column elementor-element elementor-element-b1388ee\" data-id=\"b1388ee\" data-element_type=\"column\">\n\t\t\t<div class=\"elementor-widget-wrap elementor-element-populated\">\n\t\t\t\t\t\t<div class=\"elementor-element elementor-element-75aca0e elementor-widget elementor-widget-text-editor\" data-id=\"75aca0e\" data-element_type=\"widget\" data-widget_type=\"text-editor.default\">\n\t\t\t\t<div class=\"elementor-widget-container\">\n\t\t\t\t\t\t\t<h4><strong>Une attention particuli\u00e8re port\u00e9e \u00e0 la mission de l\u2019OIEC<\/strong><\/h4>\t\t\t\t\t\t<\/div>\n\t\t\t\t<\/div>\n\t\t\t\t\t<\/div>\n\t\t<\/div>\n\t\t\t\t\t<\/div>\n\t\t<\/section>\n\t\t\t\t<section class=\"elementor-section elementor-top-section elementor-element elementor-element-cd90d51 elementor-section-boxed elementor-section-height-default elementor-section-height-default\" data-id=\"cd90d51\" data-element_type=\"section\">\n\t\t\t\t\t\t<div class=\"elementor-container elementor-column-gap-default\">\n\t\t\t\t\t<div class=\"elementor-column elementor-col-50 elementor-top-column elementor-element elementor-element-645f614\" data-id=\"645f614\" data-element_type=\"column\">\n\t\t\t<div class=\"elementor-widget-wrap elementor-element-populated\">\n\t\t\t\t\t\t<div class=\"elementor-element elementor-element-120ee36 elementor-widget elementor-widget-image\" data-id=\"120ee36\" data-element_type=\"widget\" data-widget_type=\"image.default\">\n\t\t\t\t<div class=\"elementor-widget-container\">\n\t\t\t\t\t\t\t\t\t\t\t\t\t<img decoding=\"async\" width=\"640\" height=\"360\" src=\"https:\/\/oiecinternational.com\/fr\/wp-content\/uploads\/sites\/3\/2026\/08\/ChatGPT-Image-27-aout-2026-10_28_08-1024x576.png\" class=\"attachment-large size-large wp-image-8570\" alt=\"\" srcset=\"https:\/\/oiecinternational.com\/fr\/wp-content\/uploads\/sites\/3\/2026\/08\/ChatGPT-Image-27-aout-2026-10_28_08-1024x576.png 1024w, https:\/\/oiecinternational.com\/fr\/wp-content\/uploads\/sites\/3\/2026\/08\/ChatGPT-Image-27-aout-2026-10_28_08-300x169.png 300w, https:\/\/oiecinternational.com\/fr\/wp-content\/uploads\/sites\/3\/2026\/08\/ChatGPT-Image-27-aout-2026-10_28_08-768x432.png 768w, https:\/\/oiecinternational.com\/fr\/wp-content\/uploads\/sites\/3\/2026\/08\/ChatGPT-Image-27-aout-2026-10_28_08-1536x864.png 1536w, https:\/\/oiecinternational.com\/fr\/wp-content\/uploads\/sites\/3\/2026\/08\/ChatGPT-Image-27-aout-2026-10_28_08.png 1672w\" sizes=\"(max-width: 640px) 100vw, 640px\" \/>\t\t\t\t\t\t\t\t\t\t\t\t\t<\/div>\n\t\t\t\t<\/div>\n\t\t\t\t\t<\/div>\n\t\t<\/div>\n\t\t\t\t<div class=\"elementor-column elementor-col-50 elementor-top-column elementor-element elementor-element-4efbb24\" data-id=\"4efbb24\" data-element_type=\"column\">\n\t\t\t<div class=\"elementor-widget-wrap elementor-element-populated\">\n\t\t\t\t\t\t<div class=\"elementor-element elementor-element-8745cf4 elementor-widget elementor-widget-text-editor\" data-id=\"8745cf4\" data-element_type=\"widget\" data-widget_type=\"text-editor.default\">\n\t\t\t\t<div class=\"elementor-widget-container\">\n\t\t\t\t\t\t\t<p>Au cours de ce nouvel \u00e9change, Herv\u00e9 Lecomte a \u00e9voqu\u00e9 aupr\u00e8s du pape la mission et l\u2019engagement international de l\u2019OIEC, pr\u00e9sent dans plus de 110 pays et repr\u00e9sentant pr\u00e8s de 210 000 \u00e9tablissements scolaires accueillant 68 millions d\u2019\u00e9l\u00e8ves.<\/p>\t\t\t\t\t\t<\/div>\n\t\t\t\t<\/div>\n\t\t\t\t\t<\/div>\n\t\t<\/div>\n\t\t\t\t\t<\/div>\n\t\t<\/section>\n\t\t\t\t<section class=\"elementor-section elementor-top-section elementor-element elementor-element-cc8855a elementor-section-boxed elementor-section-height-default elementor-section-height-default\" data-id=\"cc8855a\" data-element_type=\"section\">\n\t\t\t\t\t\t<div class=\"elementor-container elementor-column-gap-default\">\n\t\t\t\t\t<div class=\"elementor-column elementor-col-100 elementor-top-column elementor-element elementor-element-2f1342a\" data-id=\"2f1342a\" data-element_type=\"column\">\n\t\t\t<div class=\"elementor-widget-wrap elementor-element-populated\">\n\t\t\t\t\t\t<div class=\"elementor-element elementor-element-2e007df elementor-widget elementor-widget-text-editor\" data-id=\"2e007df\" data-element_type=\"widget\" data-widget_type=\"text-editor.default\">\n\t\t\t\t<div class=\"elementor-widget-container\">\n\t\t\t\t\t\t\t<p>Le secr\u00e9taire g\u00e9n\u00e9ral a notamment soulign\u00e9 l\u2019action men\u00e9e par l\u2019OIEC au service du Pacte \u00e9ducatif global, de l\u2019\u00e9ducation \u00e0 la paix, de la vie int\u00e9rieure et de la repr\u00e9sentation de l\u2019enseignement catholique aupr\u00e8s des grandes institutions internationales.<\/p><p>L\u2019attention et le regard bienveillant du Saint-P\u00e8re ont donn\u00e9 \u00e0 cet \u00e9change une profondeur particuli\u00e8re. Ils t\u00e9moignent de l\u2019importance qu\u2019il accorde \u00e0 l\u2019\u00e9ducation et \u00e0 tous ceux qui, \u00e0 travers le monde, \u0153uvrent quotidiennement au service des enfants et des jeunes.<\/p>\t\t\t\t\t\t<\/div>\n\t\t\t\t<\/div>\n\t\t\t\t\t<\/div>\n\t\t<\/div>\n\t\t\t\t\t<\/div>\n\t\t<\/section>\n\t\t\t\t<section class=\"elementor-section elementor-top-section elementor-element elementor-element-c9e9bab elementor-section-boxed elementor-section-height-default elementor-section-height-default\" data-id=\"c9e9bab\" data-element_type=\"section\">\n\t\t\t\t\t\t<div class=\"elementor-container elementor-column-gap-default\">\n\t\t\t\t\t<div class=\"elementor-column elementor-col-100 elementor-top-column elementor-element elementor-element-d08f1e2\" data-id=\"d08f1e2\" data-element_type=\"column\">\n\t\t\t<div class=\"elementor-widget-wrap elementor-element-populated\">\n\t\t\t\t\t\t<div class=\"elementor-element elementor-element-63c4f0d elementor-widget elementor-widget-text-editor\" data-id=\"63c4f0d\" data-element_type=\"widget\" data-widget_type=\"text-editor.default\">\n\t\t\t\t<div class=\"elementor-widget-container\">\n\t\t\t\t\t\t\t<h4><strong>Guid\u00e9s par les quatre points cardinaux de L\u00e9on XIV<\/strong><\/h4>\t\t\t\t\t\t<\/div>\n\t\t\t\t<\/div>\n\t\t\t\t\t<\/div>\n\t\t<\/div>\n\t\t\t\t\t<\/div>\n\t\t<\/section>\n\t\t\t\t<section class=\"elementor-section elementor-top-section elementor-element elementor-element-ca529b1 elementor-section-boxed elementor-section-height-default elementor-section-height-default\" data-id=\"ca529b1\" data-element_type=\"section\">\n\t\t\t\t\t\t<div class=\"elementor-container elementor-column-gap-default\">\n\t\t\t\t\t<div class=\"elementor-column elementor-col-50 elementor-top-column elementor-element elementor-element-2f44b36\" data-id=\"2f44b36\" data-element_type=\"column\">\n\t\t\t<div class=\"elementor-widget-wrap elementor-element-populated\">\n\t\t\t\t\t\t<div class=\"elementor-element elementor-element-c1d888a elementor-widget elementor-widget-text-editor\" data-id=\"c1d888a\" data-element_type=\"widget\" data-widget_type=\"text-editor.default\">\n\t\t\t\t<div class=\"elementor-widget-container\">\n\t\t\t\t\t\t\t<p>Herv\u00e9 Lecomte a \u00e9galement remerci\u00e9 le pape L\u00e9on XIV pour les quatre points cardinaux qu\u2019il a donn\u00e9s \u00e0 la communaut\u00e9 \u00e9ducative : <strong>l\u2019int\u00e9riorit\u00e9, l\u2019unit\u00e9, l\u2019amour et la joie<\/strong>.<\/p><p>Ces quatre orientations rejoignent profond\u00e9ment les engagements port\u00e9s par l\u2019OIEC. Elles invitent les \u00e9ducateurs \u00e0 prendre soin de la vie int\u00e9rieure de chaque personne, \u00e0 retisser les liens, \u00e0 faire de l\u2019amour le c\u0153ur de toute relation \u00e9ducative et \u00e0 redonner \u00e0 la joie toute sa place dans les \u00e9coles.<\/p>\t\t\t\t\t\t<\/div>\n\t\t\t\t<\/div>\n\t\t\t\t\t<\/div>\n\t\t<\/div>\n\t\t\t\t<div class=\"elementor-column elementor-col-50 elementor-top-column elementor-element elementor-element-b6db10e\" data-id=\"b6db10e\" data-element_type=\"column\">\n\t\t\t<div class=\"elementor-widget-wrap elementor-element-populated\">\n\t\t\t\t\t\t<div class=\"elementor-element elementor-element-cbb3400 elementor-widget elementor-widget-image\" data-id=\"cbb3400\" data-element_type=\"widget\" data-widget_type=\"image.default\">\n\t\t\t\t<div class=\"elementor-widget-container\">\n\t\t\t\t\t\t\t\t\t\t\t\t\t<img decoding=\"async\" width=\"640\" height=\"905\" src=\"https:\/\/oiecinternational.com\/fr\/wp-content\/uploads\/sites\/3\/2026\/08\/COUV-Affiche-BOUSSOLE_1-724x1024.png\" class=\"attachment-large size-large wp-image-8571\" alt=\"\" srcset=\"https:\/\/oiecinternational.com\/fr\/wp-content\/uploads\/sites\/3\/2026\/08\/COUV-Affiche-BOUSSOLE_1-724x1024.png 724w, https:\/\/oiecinternational.com\/fr\/wp-content\/uploads\/sites\/3\/2026\/08\/COUV-Affiche-BOUSSOLE_1-212x300.png 212w, https:\/\/oiecinternational.com\/fr\/wp-content\/uploads\/sites\/3\/2026\/08\/COUV-Affiche-BOUSSOLE_1-768x1086.png 768w, https:\/\/oiecinternational.com\/fr\/wp-content\/uploads\/sites\/3\/2026\/08\/COUV-Affiche-BOUSSOLE_1-1086x1536.png 1086w, https:\/\/oiecinternational.com\/fr\/wp-content\/uploads\/sites\/3\/2026\/08\/COUV-Affiche-BOUSSOLE_1-1448x2048.png 1448w\" sizes=\"(max-width: 640px) 100vw, 640px\" \/>\t\t\t\t\t\t\t\t\t\t\t\t\t<\/div>\n\t\t\t\t<\/div>\n\t\t\t\t\t<\/div>\n\t\t<\/div>\n\t\t\t\t\t<\/div>\n\t\t<\/section>\n\t\t\t\t<section class=\"elementor-section elementor-top-section elementor-element elementor-element-258a405 elementor-section-boxed elementor-section-height-default elementor-section-height-default\" data-id=\"258a405\" data-element_type=\"section\">\n\t\t\t\t\t\t<div class=\"elementor-container elementor-column-gap-default\">\n\t\t\t\t\t<div class=\"elementor-column elementor-col-100 elementor-top-column elementor-element elementor-element-f8cc3ef\" data-id=\"f8cc3ef\" data-element_type=\"column\">\n\t\t\t<div class=\"elementor-widget-wrap elementor-element-populated\">\n\t\t\t\t\t\t<div class=\"elementor-element elementor-element-fc2af45 elementor-widget elementor-widget-text-editor\" data-id=\"fc2af45\" data-element_type=\"widget\" data-widget_type=\"text-editor.default\">\n\t\t\t\t<div class=\"elementor-widget-container\">\n\t\t\t\t\t\t\t<p>Elles constituent d\u00e9sormais une v\u00e9ritable boussole pour construire les \u00ab constellations \u00e9ducatives de l\u2019esp\u00e9rance \u00bb auxquelles appelle le Saint-P\u00e8re : des alliances vivantes entre les \u00e9coles, les familles, les jeunes, les institutions et toutes les personnes engag\u00e9es au service de l\u2019\u00e9ducation.<\/p><h4><strong>Dans la perspective de la rencontre \u00e0 l\u2019UNESCO<\/strong><\/h4>\t\t\t\t\t\t<\/div>\n\t\t\t\t<\/div>\n\t\t\t\t\t<\/div>\n\t\t<\/div>\n\t\t\t\t\t<\/div>\n\t\t<\/section>\n\t\t\t\t<section class=\"elementor-section elementor-top-section elementor-element elementor-element-1514466 elementor-section-boxed elementor-section-height-default elementor-section-height-default\" data-id=\"1514466\" data-element_type=\"section\">\n\t\t\t\t\t\t<div class=\"elementor-container elementor-column-gap-default\">\n\t\t\t\t\t<div class=\"elementor-column elementor-col-50 elementor-top-column elementor-element elementor-element-f28fb9b\" data-id=\"f28fb9b\" data-element_type=\"column\">\n\t\t\t<div class=\"elementor-widget-wrap elementor-element-populated\">\n\t\t\t\t\t\t<div class=\"elementor-element elementor-element-130d917 elementor-widget elementor-widget-image\" data-id=\"130d917\" data-element_type=\"widget\" data-widget_type=\"image.default\">\n\t\t\t\t<div class=\"elementor-widget-container\">\n\t\t\t\t\t\t\t\t\t\t\t\t\t<img loading=\"lazy\" decoding=\"async\" width=\"640\" height=\"905\" src=\"https:\/\/oiecinternational.com\/fr\/wp-content\/uploads\/sites\/3\/2026\/08\/COUV-Leon-XIV-a-lUNESCO_1-1-724x1024.png\" class=\"attachment-large size-large wp-image-8572\" alt=\"\" srcset=\"https:\/\/oiecinternational.com\/fr\/wp-content\/uploads\/sites\/3\/2026\/08\/COUV-Leon-XIV-a-lUNESCO_1-1-724x1024.png 724w, https:\/\/oiecinternational.com\/fr\/wp-content\/uploads\/sites\/3\/2026\/08\/COUV-Leon-XIV-a-lUNESCO_1-1-212x300.png 212w, https:\/\/oiecinternational.com\/fr\/wp-content\/uploads\/sites\/3\/2026\/08\/COUV-Leon-XIV-a-lUNESCO_1-1-768x1086.png 768w, https:\/\/oiecinternational.com\/fr\/wp-content\/uploads\/sites\/3\/2026\/08\/COUV-Leon-XIV-a-lUNESCO_1-1-1086x1536.png 1086w, https:\/\/oiecinternational.com\/fr\/wp-content\/uploads\/sites\/3\/2026\/08\/COUV-Leon-XIV-a-lUNESCO_1-1.png 1240w\" sizes=\"(max-width: 640px) 100vw, 640px\" \/>\t\t\t\t\t\t\t\t\t\t\t\t\t<\/div>\n\t\t\t\t<\/div>\n\t\t\t\t\t<\/div>\n\t\t<\/div>\n\t\t\t\t<div class=\"elementor-column elementor-col-50 elementor-top-column elementor-element elementor-element-2c870c4\" data-id=\"2c870c4\" data-element_type=\"column\">\n\t\t\t<div class=\"elementor-widget-wrap elementor-element-populated\">\n\t\t\t\t\t\t<div class=\"elementor-element elementor-element-bf30fd7 elementor-widget elementor-widget-text-editor\" data-id=\"bf30fd7\" data-element_type=\"widget\" data-widget_type=\"text-editor.default\">\n\t\t\t\t<div class=\"elementor-widget-container\">\n\t\t\t\t\t\t\t<p>Herv\u00e9 Lecomte a enfin exprim\u00e9 au Saint-P\u00e8re la joie et l\u2019honneur de l\u2019OIEC d\u2019\u00eatre pr\u00e9sent \u00e0 ses c\u00f4t\u00e9s lors de sa venue \u00e0 l\u2019UNESCO, \u00e0 Paris.<\/p><p>Cet \u00e9v\u00e9nement exceptionnel constituera un moment majeur de dialogue entre l\u2019\u00c9glise catholique et l\u2019UNESCO autour des grands d\u00e9fis \u00e9ducatifs contemporains. Il t\u00e9moignera de leur volont\u00e9 commune de placer la personne humaine au c\u0153ur de l\u2019\u00e9ducation et de construire, par la rencontre et la coop\u00e9ration, un avenir plus fraternel et plus pacifique.<\/p>\t\t\t\t\t\t<\/div>\n\t\t\t\t<\/div>\n\t\t\t\t\t<\/div>\n\t\t<\/div>\n\t\t\t\t\t<\/div>\n\t\t<\/section>\n\t\t\t\t<section class=\"elementor-section elementor-top-section elementor-element elementor-element-ede4dd8 elementor-section-boxed elementor-section-height-default elementor-section-height-default\" data-id=\"ede4dd8\" data-element_type=\"section\">\n\t\t\t\t\t\t<div class=\"elementor-container elementor-column-gap-default\">\n\t\t\t\t\t<div class=\"elementor-column elementor-col-100 elementor-top-column elementor-element elementor-element-ef4ecae\" data-id=\"ef4ecae\" data-element_type=\"column\">\n\t\t\t<div class=\"elementor-widget-wrap elementor-element-populated\">\n\t\t\t\t\t\t<div class=\"elementor-element elementor-element-803a885 elementor-widget elementor-widget-text-editor\" data-id=\"803a885\" data-element_type=\"widget\" data-widget_type=\"text-editor.default\">\n\t\t\t\t<div class=\"elementor-widget-container\">\n\t\t\t\t\t\t\t<p>Cette rencontre pr\u00e9cieuse au Vatican vient ainsi conforter l\u2019OIEC dans sa mission et renforcer son engagement aux c\u00f4t\u00e9s du pape L\u00e9on XIV. Elle ouvre la perspective d\u2019un dialogue toujours plus f\u00e9cond au service d\u2019une \u00e9ducation porteuse de paix, de fraternit\u00e9 et d\u2019esp\u00e9rance pour les jeunes g\u00e9n\u00e9rations.<\/p>\t\t\t\t\t\t<\/div>\n\t\t\t\t<\/div>\n\t\t\t\t\t<\/div>\n\t\t<\/div>\n\t\t\t\t\t<\/div>\n\t\t<\/section>\n\t\t\t\t<section class=\"elementor-section elementor-top-section elementor-element elementor-element-29f8b11 elementor-section-boxed elementor-section-height-default elementor-section-height-default\" data-id=\"29f8b11\" data-element_type=\"section\" data-settings=\"{&quot;background_background&quot;:&quot;classic&quot;}\">\n\t\t\t\t\t\t<div class=\"elementor-container elementor-column-gap-default\">\n\t\t\t\t\t<div class=\"elementor-column elementor-col-100 elementor-top-column elementor-element elementor-element-d8bd74e\" data-id=\"d8bd74e\" data-element_type=\"column\">\n\t\t\t<div class=\"elementor-widget-wrap elementor-element-populated\">\n\t\t\t\t\t\t<section class=\"elementor-section elementor-inner-section elementor-element elementor-element-fd6b933 elementor-section-boxed elementor-section-height-default elementor-section-height-default\" data-id=\"fd6b933\" data-element_type=\"section\">\n\t\t\t\t\t\t<div class=\"elementor-container elementor-column-gap-default\">\n\t\t\t\t\t<div class=\"elementor-column elementor-col-100 elementor-inner-column elementor-element elementor-element-7ce71cc\" data-id=\"7ce71cc\" data-element_type=\"column\">\n\t\t\t<div class=\"elementor-widget-wrap elementor-element-populated\">\n\t\t\t\t\t\t<div class=\"elementor-element elementor-element-c5a034d elementor-widget elementor-widget-text-editor\" data-id=\"c5a034d\" data-element_type=\"widget\" data-widget_type=\"text-editor.default\">\n\t\t\t\t<div class=\"elementor-widget-container\">\n\t\t\t\t\t\t\t<h3><span style=\"color: #ffcc00;\">\u00c0 d\u00e9couvrir :<\/span><br \/><span style=\"color: #ffcc00;\"><em>L\u00e9on XIV \u00e0 l\u2019UNESCO<\/em><\/span><\/h3><p class=\"isSelectedEnd\"><span style=\"color: #ffffff;\">\u00c0 l\u2019occasion de cette rencontre historique, l\u2019OIEC a r\u00e9alis\u00e9 l\u2019ouvrage <em>L\u00e9on XIV \u00e0 l\u2019UNESCO<\/em>. Cette publication pr\u00e9sente les convergences entre les orientations \u00e9ducatives du Saint-Si\u00e8ge et celles de l\u2019UNESCO, autour d\u2019une conviction commune : faire de l\u2019\u00e9ducation un chemin de paix.<\/span><\/p><p class=\"isSelectedEnd\"><span style=\"color: #ffffff;\">Elle met notamment en lumi\u00e8re le Pacte \u00e9ducatif global renouvel\u00e9, les dix constellations \u00e9ducatives et les quatre points cardinaux donn\u00e9s par L\u00e9on XIV \u00e0 la communaut\u00e9 \u00e9ducative : <strong>l\u2019int\u00e9riorit\u00e9, l\u2019unit\u00e9, l\u2019amour et la joie<\/strong>.<\/span><\/p><p><span style=\"color: #ffffff;\"><strong>Consultez l\u2019ouvrage en ligne ou t\u00e9l\u00e9chargez-le gratuitement.<\/strong><\/span><\/p>\t\t\t\t\t\t<\/div>\n\t\t\t\t<\/div>\n\t\t\t\t<div class=\"elementor-element elementor-element-19dc6a1 elementor-widget elementor-widget-html\" data-id=\"19dc6a1\" data-element_type=\"widget\" data-widget_type=\"html.default\">\n\t\t\t\t<div class=\"elementor-widget-container\">\n\t\t\t<div style=\"position:relative;padding-top:max(60%,324px);width:100%;height:0;\"><iframe style=\"position:absolute;border:none;width:100%;height:100%;left:0;top:0;\" src=\"https:\/\/online.fliphtml5.com\/oiecinternational\/lfgx\/\" title=\"L\u00e9on XIV \u00e0 l'UNESCO\" seamless=\"seamless\" scrolling=\"no\" frameborder=\"0\" allowtransparency=\"true\" allowfullscreen=\"true\" ><\/iframe><\/div>\t\t<\/div>\n\t\t\t\t<\/div>\n\t\t\t\t\t<\/div>\n\t\t<\/div>\n\t\t\t\t\t<\/div>\n\t\t<\/section>\n\t\t\t\t\t<\/div>\n\t\t<\/div>\n\t\t\t\t\t<\/div>\n\t\t<\/section>\n\t\t\t\t<\/div>\n\t\t","protected":false},"excerpt":{"rendered":"<p>\u00c0 l\u2019occasion de l\u2019audience g\u00e9n\u00e9rale du mercredi 26 ao\u00fbt 2026 au Vatican, Herv\u00e9 Lecomte, secr\u00e9taire g\u00e9n\u00e9ral de l\u2019Office International de l\u2019Enseignement Catholique (OIEC), a eu la joie d\u2019\u00e9changer personnellement avec le pape L\u00e9on XIV. Cette rencontre s\u2019inscrit dans la continuit\u00e9 d\u2019un premier \u00e9change v\u00e9cu lors du Jubil\u00e9 du monde de l\u2019\u00e9ducation, \u00e0 Rome. Herv\u00e9 Lecomte avait alors pu pr\u00e9senter au&#8230;<\/p>\n","protected":false},"author":3,"featured_media":8576,"comment_status":"closed","ping_status":"closed","sticky":false,"template":"","format":"standard","meta":{"_eb_attr":"","footnotes":""},"categories":[127,129,130],"tags":[126],"class_list":["post-8544","post","type-post","status-publish","format-standard","has-post-thumbnail","hentry","category-evenements","category-les-nouvelles-du-monde","category-actualites","tag-news"],"_links":{"self":[{"href":"https:\/\/oiecinternational.com\/fr\/wp-json\/wp\/v2\/posts\/8544"}],"collection":[{"href":"https:\/\/oiecinternational.com\/fr\/wp-json\/wp\/v2\/posts"}],"about":[{"href":"https:\/\/oiecinternational.com\/fr\/wp-json\/wp\/v2\/types\/post"}],"author":[{"embeddable":true,"href":"https:\/\/oiecinternational.com\/fr\/wp-json\/wp\/v2\/users\/3"}],"replies":[{"embeddable":true,"href":"https:\/\/oiecinternational.com\/fr\/wp-json\/wp\/v2\/comments?post=8544"}],"version-history":[{"count":4,"href":"https:\/\/oiecinternational.com\/fr\/wp-json\/wp\/v2\/posts\/8544\/revisions"}],"predecessor-version":[{"id":8575,"href":"https:\/\/oiecinternational.com\/fr\/wp-json\/wp\/v2\/posts\/8544\/revisions\/8575"}],"wp:featuredmedia":[{"embeddable":true,"href":"https:\/\/oiecinternational.com\/fr\/wp-json\/wp\/v2\/media\/8576"}],"wp:attachment":[{"href":"https:\/\/oiecinternational.com\/fr\/wp-json\/wp\/v2\/media?parent=8544"}],"wp:term":[{"taxonomy":"category","embeddable":true,"href":"https:\/\/oiecinternational.com\/fr\/wp-json\/wp\/v2\/categories?post=8544"},{"taxonomy":"post_tag","embeddable":true,"href":"https:\/\/oiecinternational.com\/fr\/wp-json\/wp\/v2\/tags?post=8544"}],"curies":[{"name":"wp","href":"https:\/\/api.w.org\/{rel}","templated":true}]}}