{"id":8578,"date":"2026-07-02T11:30:06","date_gmt":"2026-07-02T09:30:06","guid":{"rendered":"https:\/\/oiecinternational.com\/fr\/?p=8578"},"modified":"2026-08-27T13:37:15","modified_gmt":"2026-08-27T11:37:15","slug":"rencontre-internationale-sur-leducation-a-la-paix","status":"publish","type":"post","link":"https:\/\/oiecinternational.com\/fr\/2026\/07\/02\/rencontre-internationale-sur-leducation-a-la-paix\/","title":{"rendered":"Rencontre internationale sur l\u2019\u00e9ducation \u00e0 la paix"},"content":{"rendered":"\t\t<div data-elementor-type=\"wp-post\" data-elementor-id=\"8578\" class=\"elementor elementor-8578\">\n\t\t\t\t\t\t<section class=\"elementor-section elementor-top-section elementor-element elementor-element-865fd7e elementor-section-boxed elementor-section-height-default elementor-section-height-default\" data-id=\"865fd7e\" data-element_type=\"section\">\n\t\t\t\t\t\t<div class=\"elementor-container elementor-column-gap-default\">\n\t\t\t\t\t<div class=\"elementor-column elementor-col-100 elementor-top-column elementor-element elementor-element-1cbb8b4\" data-id=\"1cbb8b4\" data-element_type=\"column\">\n\t\t\t<div class=\"elementor-widget-wrap elementor-element-populated\">\n\t\t\t\t\t\t<div class=\"elementor-element elementor-element-fd1a850 elementor-widget elementor-widget-text-editor\" data-id=\"fd1a850\" data-element_type=\"widget\" data-widget_type=\"text-editor.default\">\n\t\t\t\t<div class=\"elementor-widget-container\">\n\t\t\t\t\t\t\t<h4 style=\"text-align: center;\"><strong>Mercredi 21 octobre 2026, de 10h \u00e0 17h<\/strong><\/h4>\n<h5 style=\"text-align: center;\">Casacli Casa per Ferie<br \/>Vicolo del Conte, 2, 00164 Roma RM, Italie<\/h5>\n<p>Dans un monde travers\u00e9 par les conflits, les divisions et les violences, l\u2019\u00e9ducation porte une responsabilit\u00e9 essentielle : apprendre \u00e0 dialoguer, \u00e0 accueillir les diff\u00e9rences et \u00e0 construire une paix durable.<\/p>\n<p><strong>L\u2019Office International de l\u2019Enseignement Catholique<\/strong> organise \u00e0 Rome une rencontre internationale consacr\u00e9e \u00e0 l\u2019\u00e9ducation \u00e0 la paix. Responsables de l\u2019\u00c9glise, acteurs de l\u2019\u00e9ducation, universitaires, jeunes et repr\u00e9sentants d\u2019organisations internationales partageront leurs r\u00e9flexions et leurs exp\u00e9riences autour d\u2019une m\u00eame conviction : la paix ne se d\u00e9cr\u00e8te pas, elle s\u2019apprend, se transmet et se construit chaque jour.<\/p>\n<p>La journ\u00e9e sera guid\u00e9e par les quatre points cardinaux donn\u00e9s par le pape L\u00e9on XIV \u00e0 la communaut\u00e9 \u00e9ducative : <strong>l\u2019int\u00e9riorit\u00e9, l\u2019unit\u00e9, l\u2019amour et la joie<\/strong>.<\/p>\n<p style=\"text-align: center;\"><a href=\"https:\/\/oiecinternational.com\/fr\/wp-content\/uploads\/sites\/3\/2026\/08\/TRIPTYQUE.pdf\" target=\"_blank\" rel=\"noopener\"><strong>T\u00e9l\u00e9chargez le programme<\/strong><\/a><\/p>\n<h4><strong>\u00c9duquer pour construire la paix<\/strong><\/h4>\n<p>\u00c0 travers cette rencontre, l\u2019OIEC souhaite inviter toutes les communaut\u00e9s \u00e9ducatives \u00e0 faire de l\u2019\u00e9cole un lieu o\u00f9 la paix est v\u00e9cue et exp\u00e9riment\u00e9e : une \u00e9cole qui prend soin de la vie int\u00e9rieure, favorise l\u2019unit\u00e9, enseigne l\u2019amour et fait grandir la joie.<\/p>\n<p style=\"text-align: left;\">En r\u00e9unissant des voix venues de diff\u00e9rents continents, g\u00e9n\u00e9rations et domaines d\u2019engagement, cette journ\u00e9e veut contribuer \u00e0 dessiner de nouvelles constellations \u00e9ducatives de l\u2019esp\u00e9rance et \u00e0 faire de chaque \u00e9tablissement un v\u00e9ritable atelier de fraternit\u00e9.<\/p>\t\t\t\t\t\t<\/div>\n\t\t\t\t<\/div>\n\t\t\t\t\t<\/div>\n\t\t<\/div>\n\t\t\t\t\t<\/div>\n\t\t<\/section>\n\t\t\t\t<section class=\"elementor-section elementor-top-section elementor-element elementor-element-8375567 elementor-section-boxed elementor-section-height-default elementor-section-height-default\" data-id=\"8375567\" data-element_type=\"section\" data-settings=\"{&quot;background_background&quot;:&quot;classic&quot;}\">\n\t\t\t\t\t\t<div class=\"elementor-container elementor-column-gap-default\">\n\t\t\t\t\t<div class=\"elementor-column elementor-col-100 elementor-top-column elementor-element elementor-element-2f362a1\" data-id=\"2f362a1\" data-element_type=\"column\">\n\t\t\t<div class=\"elementor-widget-wrap elementor-element-populated\">\n\t\t\t\t\t\t<div class=\"elementor-element elementor-element-814b54a elementor-widget elementor-widget-text-editor\" data-id=\"814b54a\" data-element_type=\"widget\" data-widget_type=\"text-editor.default\">\n\t\t\t\t<div class=\"elementor-widget-container\">\n\t\t\t\t\t\t\t<h3 style=\"text-align: center;\"><span style=\"color: #ffffff;\"><strong>Inscriptions closes<\/strong><\/span><\/h3>\n<p style=\"text-align: center;\"><strong>Pour tout renseignement :<\/strong> secretary@oiecinternational.com<\/p>\t\t\t\t\t\t<\/div>\n\t\t\t\t<\/div>\n\t\t\t\t\t<\/div>\n\t\t<\/div>\n\t\t\t\t\t<\/div>\n\t\t<\/section>\n\t\t\t\t<\/div>\n\t\t","protected":false},"excerpt":{"rendered":"<p>Mercredi 21 octobre 2026, de 10h \u00e0 17h Casacli Casa per FerieVicolo del Conte, 2, 00164 Roma RM, Italie Dans un monde travers\u00e9 par les conflits, les divisions et les violences, l\u2019\u00e9ducation porte une responsabilit\u00e9 essentielle : apprendre \u00e0 dialoguer, \u00e0 accueillir les diff\u00e9rences et \u00e0 construire une paix durable. L\u2019Office International de l\u2019Enseignement Catholique organise \u00e0 Rome une rencontre&#8230;<\/p>\n","protected":false},"author":3,"featured_media":8580,"comment_status":"closed","ping_status":"closed","sticky":false,"template":"","format":"standard","meta":{"_eb_attr":"","footnotes":""},"categories":[127,130],"tags":[125],"class_list":["post-8578","post","type-post","status-publish","format-standard","has-post-thumbnail","hentry","category-evenements","category-actualites","tag-events"],"_links":{"self":[{"href":"https:\/\/oiecinternational.com\/fr\/wp-json\/wp\/v2\/posts\/8578"}],"collection":[{"href":"https:\/\/oiecinternational.com\/fr\/wp-json\/wp\/v2\/posts"}],"about":[{"href":"https:\/\/oiecinternational.com\/fr\/wp-json\/wp\/v2\/types\/post"}],"author":[{"embeddable":true,"href":"https:\/\/oiecinternational.com\/fr\/wp-json\/wp\/v2\/users\/3"}],"replies":[{"embeddable":true,"href":"https:\/\/oiecinternational.com\/fr\/wp-json\/wp\/v2\/comments?post=8578"}],"version-history":[{"count":11,"href":"https:\/\/oiecinternational.com\/fr\/wp-json\/wp\/v2\/posts\/8578\/revisions"}],"predecessor-version":[{"id":8593,"href":"https:\/\/oiecinternational.com\/fr\/wp-json\/wp\/v2\/posts\/8578\/revisions\/8593"}],"wp:featuredmedia":[{"embeddable":true,"href":"https:\/\/oiecinternational.com\/fr\/wp-json\/wp\/v2\/media\/8580"}],"wp:attachment":[{"href":"https:\/\/oiecinternational.com\/fr\/wp-json\/wp\/v2\/media?parent=8578"}],"wp:term":[{"taxonomy":"category","embeddable":true,"href":"https:\/\/oiecinternational.com\/fr\/wp-json\/wp\/v2\/categories?post=8578"},{"taxonomy":"post_tag","embeddable":true,"href":"https:\/\/oiecinternational.com\/fr\/wp-json\/wp\/v2\/tags?post=8578"}],"curies":[{"name":"wp","href":"https:\/\/api.w.org\/{rel}","templated":true}]}}